{"id":956,"date":"2025-05-03T02:21:00","date_gmt":"2025-05-03T02:21:00","guid":{"rendered":"https:\/\/fmloslapachos.com.ar\/?p=956"},"modified":"2025-05-03T02:21:07","modified_gmt":"2025-05-03T02:21:07","slug":"a-pura-fiesta-se-inauguro-el-playon-deportivo-pedro-boachenko","status":"publish","type":"post","link":"https:\/\/fmloslapachos.com.ar\/?p=956","title":{"rendered":"A pura fiesta se inaugur\u00f3 el play\u00f3n deportivo &#8220;Pedro Boachenko&#8221;"},"content":{"rendered":"\n<p class=\"has-vivid-cyan-blue-color has-text-color has-link-color wp-elements-23ad72688b5bb46fe44c630fb02b2f99\" style=\"font-size:25px\"><strong><em>El acto oficial comenz\u00f3 pasadas las 19 horas. Como previa, se presentaron distintas instituciones deportivas, pat\u00edn art\u00edstico, Taekwon-do y baile.<\/em><\/strong><\/p>\n\n\n\n<p>Con un marco impresionante de p\u00fablico presente, en el anochecer sanvicentino, se dej\u00f3 oficialmente inaugurado el nuevo play\u00f3n polideportivo conocido como \u201cEl Hueco\u201d, con una inversi\u00f3n de m\u00e1s de 220 millones de pesos, en forma conjunta entre el gobierno provincial y el municipio.<\/p>\n\n\n\n<p>Las actividades comenzaron a las 18 horas, con la presentaci\u00f3n de distintas instituciones deportivas, pat\u00edn art\u00edstico, bailes, batucadas y Taekwon-do ITF, entre otros, quienes fueron parte de la programaci\u00f3n que culmin\u00f3 con la presentaci\u00f3n de un Dj.<\/p>\n\n\n\n<p>Estuvieron presentes, el intendente local Fabi\u00e1n Rodr\u00edguez, acompa\u00f1ado del ministro de deportes Aldo Steinhorst, diputados provinciales y candidatos legislativos para el 8 de junio.<\/p>\n\n\n\n<figure class=\"wp-block-image\"><img fetchpriority=\"high\" decoding=\"async\" width=\"1024\" height=\"670\" src=\"https:\/\/fmloslapachos.com.ar\/wp\/wp-content\/uploads\/2025\/05\/image-1024x670.png\" alt=\"\" class=\"wp-image-959\" srcset=\"https:\/\/fmloslapachos.com.ar\/wp\/wp-content\/uploads\/2025\/05\/image-1024x670.png 1024w, https:\/\/fmloslapachos.com.ar\/wp\/wp-content\/uploads\/2025\/05\/image-300x196.png 300w, https:\/\/fmloslapachos.com.ar\/wp\/wp-content\/uploads\/2025\/05\/image-768x503.png 768w, https:\/\/fmloslapachos.com.ar\/wp\/wp-content\/uploads\/2025\/05\/image.png 1117w\" sizes=\"(max-width: 1024px) 100vw, 1024px\" \/><\/figure>\n\n\n\n<p>Fabi\u00e1n Rodr\u00edguez, intendente local manifest\u00f3 que, \u201cEs una obra so\u00f1ada por los sanvicentinos con el aporte del gobierno de la provincia de 50 millones de pesos\u201d, comenz\u00f3 explicando, agregando que, \u201cel total de la obra fue de 275 millones de pesos\u201d, detall\u00f3, destacando que, \u201cagradecemos al contribuyente sanvicentino que apuesta al futuro y sabemos que el deporte es algo que nos une y es fundamental para las nuevas generaciones y para todos los sanvicentinos\u201d, resalt\u00f3.<\/p>\n\n\n\n<p>En cuanto a la funcionalidad del espacio, el intendente coment\u00f3 que estar\u00e1 organizado por la direcci\u00f3n de deportes, con un cronograma de actividades, \u201cac\u00e1 se van a practicar todos los deportes que sean adecuados para este espacio, que cuenta adem\u00e1s con sanitarios y bufet, que la semana que viene se har\u00e1n las correspondientes convocatorias a concesi\u00f3n\u201d, explic\u00f3.<\/p>\n\n\n\n<figure class=\"wp-block-image size-full\"><img decoding=\"async\" width=\"904\" height=\"506\" src=\"https:\/\/fmloslapachos.com.ar\/wp\/wp-content\/uploads\/2025\/05\/image-2.png\" alt=\"\" class=\"wp-image-961\" srcset=\"https:\/\/fmloslapachos.com.ar\/wp\/wp-content\/uploads\/2025\/05\/image-2.png 904w, https:\/\/fmloslapachos.com.ar\/wp\/wp-content\/uploads\/2025\/05\/image-2-300x168.png 300w, https:\/\/fmloslapachos.com.ar\/wp\/wp-content\/uploads\/2025\/05\/image-2-768x430.png 768w\" sizes=\"(max-width: 904px) 100vw, 904px\" \/><\/figure>\n\n\n\n<p>En la l\u00ednea siempre de brindar espacios para la juventud, Rodr\u00edguez expres\u00f3 que, \u201ctomamos como bandera de nuestra pol\u00edtica, la inclusi\u00f3n del deporte, por esa raz\u00f3n estas cosas se pusieron en marcha, el polideportivo nuevo, tambi\u00e9n vamos a concretar otro polideportivo en el espacio del IPS, gestionado con el gobierno de la provincia, con quien somos muy agradecidos, porque tenemos 20 hect\u00e1reas, en las que vamos&nbsp; a hacer tres canchas profesionales, con medidas reglamentarias y so\u00f1amos a futuro con un estadio \u00fanico para los sanvicentinos\u201d, se explay\u00f3 el intendente.<\/p>\n\n\n\n<p>Finalmente, Fabi\u00e1n Rodr\u00edguez adelant\u00f3 que se continuar\u00e1n con los proyectos de reestructuraci\u00f3n de las plazoletas del Patio de la Madera, Los Concejales y la plazoleta Ucrania, \u201cvamos a completar los trabajos en la Avenida Libertador de punta a punta, para pasar a la avenida Constituci\u00f3n y tambi\u00e9n la Tejeda\u201d, detall\u00f3, concluyendo que, \u201cla idea es cambar toda la ciudad y vamos a avanzar paso a paso\u201d.<\/p>\n\n\n\n<p><\/p>\n","protected":false},"excerpt":{"rendered":"<p>El acto oficial comenz\u00f3 pasadas las 19 horas. Como previa, se presentaron distintas instituciones deportivas, pat\u00edn art\u00edstico, Taekwon-do y baile. Con un marco impresionante de p\u00fablico presente, en el anochecer sanvicentino, se dej\u00f3 oficialmente inaugurado el nuevo play\u00f3n polideportivo conocido como \u201cEl Hueco\u201d, con una inversi\u00f3n de m\u00e1s de 220 millones de pesos, en forma [&hellip;]<\/p>\n","protected":false},"author":1,"featured_media":962,"comment_status":"open","ping_status":"open","sticky":false,"template":"","format":"standard","meta":{"footnotes":""},"categories":[4],"tags":[],"class_list":["post-956","post","type-post","status-publish","format-standard","has-post-thumbnail","hentry","category-san-vicente"],"amp_enabled":true,"_links":{"self":[{"href":"https:\/\/fmloslapachos.com.ar\/index.php?rest_route=\/wp\/v2\/posts\/956","targetHints":{"allow":["GET"]}}],"collection":[{"href":"https:\/\/fmloslapachos.com.ar\/index.php?rest_route=\/wp\/v2\/posts"}],"about":[{"href":"https:\/\/fmloslapachos.com.ar\/index.php?rest_route=\/wp\/v2\/types\/post"}],"author":[{"embeddable":true,"href":"https:\/\/fmloslapachos.com.ar\/index.php?rest_route=\/wp\/v2\/users\/1"}],"replies":[{"embeddable":true,"href":"https:\/\/fmloslapachos.com.ar\/index.php?rest_route=%2Fwp%2Fv2%2Fcomments&post=956"}],"version-history":[{"count":1,"href":"https:\/\/fmloslapachos.com.ar\/index.php?rest_route=\/wp\/v2\/posts\/956\/revisions"}],"predecessor-version":[{"id":963,"href":"https:\/\/fmloslapachos.com.ar\/index.php?rest_route=\/wp\/v2\/posts\/956\/revisions\/963"}],"wp:featuredmedia":[{"embeddable":true,"href":"https:\/\/fmloslapachos.com.ar\/index.php?rest_route=\/wp\/v2\/media\/962"}],"wp:attachment":[{"href":"https:\/\/fmloslapachos.com.ar\/index.php?rest_route=%2Fwp%2Fv2%2Fmedia&parent=956"}],"wp:term":[{"taxonomy":"category","embeddable":true,"href":"https:\/\/fmloslapachos.com.ar\/index.php?rest_route=%2Fwp%2Fv2%2Fcategories&post=956"},{"taxonomy":"post_tag","embeddable":true,"href":"https:\/\/fmloslapachos.com.ar\/index.php?rest_route=%2Fwp%2Fv2%2Ftags&post=956"}],"curies":[{"name":"wp","href":"https:\/\/api.w.org\/{rel}","templated":true}]}}