{"id":924,"date":"2025-04-28T00:10:35","date_gmt":"2025-04-28T00:10:35","guid":{"rendered":"https:\/\/fmloslapachos.com.ar\/?p=924"},"modified":"2025-04-28T00:14:03","modified_gmt":"2025-04-28T00:14:03","slug":"cicloturismo-mas-de-500-ciclistas-participaron-del-4-bike-fest","status":"publish","type":"post","link":"https:\/\/fmloslapachos.com.ar\/?p=924","title":{"rendered":"Cicloturismo: M\u00e1s de 500 ciclistas participaron del 4\u00b0 Bike Fest"},"content":{"rendered":"\n<p class=\"has-vivid-cyan-blue-color has-text-color has-link-color wp-elements-a6bc72107c3b9aaee18df9f2a464997f\" style=\"font-size:25px\"><strong><em>El evento atrajo a ciclistas de toda la regi\u00f3n, incluidos participantes de Brasil, Buenos Aires y otras localidades de Misiones y Corrientes.<\/em><\/strong><\/p>\n\n\n\n<p><br>Los ciclistas recorrieron rutas de 11, 25 y 35 kil\u00f3metros, adaptadas a diversos niveles de habilidad, mientras disfrutaban del espectacular paisaje de la regi\u00f3n. Con un tiempo ideal, los participantes pudieron vivir una experiencia \u00fanica que incluy\u00f3 marcaci\u00f3n clara en los caminos, asistencia m\u00e9dica, hidrataci\u00f3n, alimentos y seguros, lo que garantiz\u00f3 la seguridad de los deportistas en todo momento.<\/p>\n\n\n\n<p>El evento fue un \u00e9xito deportivo pero tambi\u00e9n econ\u00f3mico para la localidad. Juan Manuel Rodr\u00edguez, empresario y candidato a diputado provincial por el Frente Renovador Neo, destac\u00f3 que, \u201cEl movimiento econ\u00f3mico es muy positivo, ya que San Vicente atrae turismo de todas partes. La hoteler\u00eda y gastronom\u00eda est\u00e1n a pleno, y los turistas aprovechan para quedarse varios d\u00edas con sus familias. Este tipo de eventos tiene un impacto directo en la econom\u00eda local\u201d.<\/p>\n\n\n\n<figure class=\"wp-block-image\"><img fetchpriority=\"high\" decoding=\"async\" width=\"581\" height=\"325\" src=\"https:\/\/fmloslapachos.com.ar\/wp\/wp-content\/uploads\/2025\/04\/image-29.png\" alt=\"\" class=\"wp-image-926\" style=\"aspect-ratio:16\/9;object-fit:cover\" srcset=\"https:\/\/fmloslapachos.com.ar\/wp\/wp-content\/uploads\/2025\/04\/image-29.png 581w, https:\/\/fmloslapachos.com.ar\/wp\/wp-content\/uploads\/2025\/04\/image-29-300x168.png 300w\" sizes=\"(max-width: 581px) 100vw, 581px\" \/><\/figure>\n\n\n\n<p>La jornada dej\u00f3 claro que San Vicente es un destino clave para el cicloturismo, con una oferta de grandes experiencias para los participantes que posibilita un impacto para su desarrollo tur\u00edstico y econ\u00f3mico.<\/p>\n\n\n\n<p>Fuente: Doce TV<\/p>\n","protected":false},"excerpt":{"rendered":"<p>El evento atrajo a ciclistas de toda la regi\u00f3n, incluidos participantes de Brasil, Buenos Aires y otras localidades de Misiones y Corrientes. Los ciclistas recorrieron rutas de 11, 25 y 35 kil\u00f3metros, adaptadas a diversos niveles de habilidad, mientras disfrutaban del espectacular paisaje de la regi\u00f3n. Con un tiempo ideal, los participantes pudieron vivir una [&hellip;]<\/p>\n","protected":false},"author":1,"featured_media":927,"comment_status":"open","ping_status":"open","sticky":false,"template":"","format":"standard","meta":{"footnotes":""},"categories":[4],"tags":[],"class_list":["post-924","post","type-post","status-publish","format-standard","has-post-thumbnail","hentry","category-san-vicente"],"amp_enabled":true,"_links":{"self":[{"href":"https:\/\/fmloslapachos.com.ar\/index.php?rest_route=\/wp\/v2\/posts\/924","targetHints":{"allow":["GET"]}}],"collection":[{"href":"https:\/\/fmloslapachos.com.ar\/index.php?rest_route=\/wp\/v2\/posts"}],"about":[{"href":"https:\/\/fmloslapachos.com.ar\/index.php?rest_route=\/wp\/v2\/types\/post"}],"author":[{"embeddable":true,"href":"https:\/\/fmloslapachos.com.ar\/index.php?rest_route=\/wp\/v2\/users\/1"}],"replies":[{"embeddable":true,"href":"https:\/\/fmloslapachos.com.ar\/index.php?rest_route=%2Fwp%2Fv2%2Fcomments&post=924"}],"version-history":[{"count":2,"href":"https:\/\/fmloslapachos.com.ar\/index.php?rest_route=\/wp\/v2\/posts\/924\/revisions"}],"predecessor-version":[{"id":929,"href":"https:\/\/fmloslapachos.com.ar\/index.php?rest_route=\/wp\/v2\/posts\/924\/revisions\/929"}],"wp:featuredmedia":[{"embeddable":true,"href":"https:\/\/fmloslapachos.com.ar\/index.php?rest_route=\/wp\/v2\/media\/927"}],"wp:attachment":[{"href":"https:\/\/fmloslapachos.com.ar\/index.php?rest_route=%2Fwp%2Fv2%2Fmedia&parent=924"}],"wp:term":[{"taxonomy":"category","embeddable":true,"href":"https:\/\/fmloslapachos.com.ar\/index.php?rest_route=%2Fwp%2Fv2%2Fcategories&post=924"},{"taxonomy":"post_tag","embeddable":true,"href":"https:\/\/fmloslapachos.com.ar\/index.php?rest_route=%2Fwp%2Fv2%2Ftags&post=924"}],"curies":[{"name":"wp","href":"https:\/\/api.w.org\/{rel}","templated":true}]}}