{"id":90,"date":"2024-12-02T00:29:47","date_gmt":"2024-12-02T00:29:47","guid":{"rendered":"https:\/\/fmloslapachos.com.ar\/wp\/?p=90"},"modified":"2024-12-02T00:29:52","modified_gmt":"2024-12-02T00:29:52","slug":"homenaje-al-procer-andres-guacurari-y-artigas","status":"publish","type":"post","link":"https:\/\/fmloslapachos.com.ar\/?p=90","title":{"rendered":"Homenaje al pr\u00f3cer Andr\u00e9s Guacurar\u00ed y Artigas"},"content":{"rendered":"\n<p class=\"has-vivid-cyan-blue-color has-text-color has-link-color wp-elements-f3775324bbe88388bd7606d79936071f\" style=\"font-size:25px\"><strong><em>El acto central en San Vicente se realiz\u00f3 el s\u00e1bado \u00faltimo, en el polideportivo municipal<\/em><\/strong><\/p>\n\n\n\n<p>Con la presencia de autoridades municipales, instituciones educativas y fuerzas vivas de la comunidad, el \u00faltimo s\u00e1bado 30 de noviembre, fecha conmemorativa del natalicio de Andr\u00e9s Guacurar\u00ed, se rindi\u00f3 homenaje al pr\u00f3cer misionero.<\/p>\n\n\n\n<p>El aco fue organizado en forma conjunta entre el municipio, la Escuela N\u00b0 567 y el NENI 2113 del BArrio 25 de Mayo de San Vicente.<\/p>\n\n\n\n<p><\/p>\n","protected":false},"excerpt":{"rendered":"<p>El acto central en San Vicente se realiz\u00f3 el s\u00e1bado \u00faltimo, en el polideportivo municipal Con la presencia de autoridades municipales, instituciones educativas y fuerzas vivas de la comunidad, el \u00faltimo s\u00e1bado 30 de noviembre, fecha conmemorativa del natalicio de Andr\u00e9s Guacurar\u00ed, se rindi\u00f3 homenaje al pr\u00f3cer misionero. El aco fue organizado en forma conjunta [&hellip;]<\/p>\n","protected":false},"author":1,"featured_media":93,"comment_status":"open","ping_status":"open","sticky":false,"template":"","format":"standard","meta":{"footnotes":""},"categories":[4],"tags":[],"class_list":["post-90","post","type-post","status-publish","format-standard","has-post-thumbnail","hentry","category-san-vicente"],"amp_enabled":true,"_links":{"self":[{"href":"https:\/\/fmloslapachos.com.ar\/index.php?rest_route=\/wp\/v2\/posts\/90","targetHints":{"allow":["GET"]}}],"collection":[{"href":"https:\/\/fmloslapachos.com.ar\/index.php?rest_route=\/wp\/v2\/posts"}],"about":[{"href":"https:\/\/fmloslapachos.com.ar\/index.php?rest_route=\/wp\/v2\/types\/post"}],"author":[{"embeddable":true,"href":"https:\/\/fmloslapachos.com.ar\/index.php?rest_route=\/wp\/v2\/users\/1"}],"replies":[{"embeddable":true,"href":"https:\/\/fmloslapachos.com.ar\/index.php?rest_route=%2Fwp%2Fv2%2Fcomments&post=90"}],"version-history":[{"count":1,"href":"https:\/\/fmloslapachos.com.ar\/index.php?rest_route=\/wp\/v2\/posts\/90\/revisions"}],"predecessor-version":[{"id":94,"href":"https:\/\/fmloslapachos.com.ar\/index.php?rest_route=\/wp\/v2\/posts\/90\/revisions\/94"}],"wp:featuredmedia":[{"embeddable":true,"href":"https:\/\/fmloslapachos.com.ar\/index.php?rest_route=\/wp\/v2\/media\/93"}],"wp:attachment":[{"href":"https:\/\/fmloslapachos.com.ar\/index.php?rest_route=%2Fwp%2Fv2%2Fmedia&parent=90"}],"wp:term":[{"taxonomy":"category","embeddable":true,"href":"https:\/\/fmloslapachos.com.ar\/index.php?rest_route=%2Fwp%2Fv2%2Fcategories&post=90"},{"taxonomy":"post_tag","embeddable":true,"href":"https:\/\/fmloslapachos.com.ar\/index.php?rest_route=%2Fwp%2Fv2%2Ftags&post=90"}],"curies":[{"name":"wp","href":"https:\/\/api.w.org\/{rel}","templated":true}]}}