{"id":848,"date":"2025-04-22T14:01:56","date_gmt":"2025-04-22T14:01:56","guid":{"rendered":"https:\/\/fmloslapachos.com.ar\/?p=848"},"modified":"2025-04-22T14:03:13","modified_gmt":"2025-04-22T14:03:13","slug":"le-inauguracion-del-complejo-deportivo-pedro-boachenko-se-reprogramo-para-el-viernes-2-de-mayo","status":"publish","type":"post","link":"https:\/\/fmloslapachos.com.ar\/?p=848","title":{"rendered":"Le inauguraci\u00f3n del complejo deportivo &#8220;Pedro Boachenko&#8221; se reprogram\u00f3 para el viernes 2 de mayo"},"content":{"rendered":"\n<p class=\"has-vivid-cyan-blue-color has-text-color has-link-color wp-elements-7b80f8aa8a3f25a4affa92281c4a33d8\" style=\"font-size:25px\"><strong><em>El cambio de fecha se debe al fallecimiento del papa Francisco, por el que se decret\u00f3 un duelo nacional de siete d\u00edas. Adem\u00e1s, se dan a conocer operativos de salud, vacunaci\u00f3n antigripal, oportunidad laboral<\/em><\/strong><\/p>\n\n\n\n<figure class=\"wp-block-image\"><img fetchpriority=\"high\" decoding=\"async\" width=\"1024\" height=\"200\" src=\"https:\/\/fmloslapachos.com.ar\/wp\/wp-content\/uploads\/2025\/01\/COOPERATIVA-DE-PROVISION-DE-AGUA-POTABLE-DE-SAN-VICENTE-LIMITADA-1-1.jpg\" alt=\"\" class=\"wp-image-263\" srcset=\"https:\/\/fmloslapachos.com.ar\/wp\/wp-content\/uploads\/2025\/01\/COOPERATIVA-DE-PROVISION-DE-AGUA-POTABLE-DE-SAN-VICENTE-LIMITADA-1-1.jpg 1024w, https:\/\/fmloslapachos.com.ar\/wp\/wp-content\/uploads\/2025\/01\/COOPERATIVA-DE-PROVISION-DE-AGUA-POTABLE-DE-SAN-VICENTE-LIMITADA-1-1-300x59.jpg 300w, https:\/\/fmloslapachos.com.ar\/wp\/wp-content\/uploads\/2025\/01\/COOPERATIVA-DE-PROVISION-DE-AGUA-POTABLE-DE-SAN-VICENTE-LIMITADA-1-1-768x150.jpg 768w\" sizes=\"(max-width: 1024px) 100vw, 1024px\" \/><\/figure>\n\n\n\n<p>Desde el ejecutivo municipal, el intendente Fabi\u00e1n Rodr\u00edguez, invita a la comunidad a participar de la inauguraci\u00f3n de este nuevo espacio deportivo, conocido como &#8220;El Hueco&#8221;, ubicado en la avenida Libertador de San Vicente, que debido a los hechos de trascendencia mundial y caros al sentimiento de la feligres\u00eda cat\u00f3lica, como lo fue el falecimiento del Papa Francisco, se reprogram\u00f3 para el pr\u00f3ximo viernes 2 de mayo del corriente a\u00f1o, a las 19 horas.<\/p>\n\n\n\n<p>La agenda de actividades previstas para los pr\u00f3ximos d\u00edas, inicia con el operativo de salud en el  en la Escuela 207, del km, 48, Barrio Tarum\u00e1, a realizarse el jueves 24 de abril, desde las 8 de la ma\u00f1ana.<\/p>\n\n\n\n<p>Las especialidades a brindar en la Unidad M\u00f3vil ser\u00e1n:<\/p>\n\n\n\n<p>\u2022 Vacunaci\u00f3n<br>\u2022 Entrega de leche<br>\u2022 Odontolog\u00eda<br>\u2022 Pediatr\u00eda<br>\u2022 Atenci\u00f3n nutricional<br>\u2022 M\u00e9dico cl\u00ednico<br>\u2022 Asesoramiento en \u00e1rea social<br>\u2022 Realizaci\u00f3n de PAP<br>\u2022 Vacunaci\u00f3n antirr\u00e1bica a mascotas<\/p>\n\n\n\n<figure class=\"wp-block-image\"><img decoding=\"async\" width=\"1024\" height=\"200\" src=\"https:\/\/fmloslapachos.com.ar\/wp\/wp-content\/uploads\/2025\/01\/PROX-BANDA-1.jpg\" alt=\"\" class=\"wp-image-264\" srcset=\"https:\/\/fmloslapachos.com.ar\/wp\/wp-content\/uploads\/2025\/01\/PROX-BANDA-1.jpg 1024w, https:\/\/fmloslapachos.com.ar\/wp\/wp-content\/uploads\/2025\/01\/PROX-BANDA-1-300x59.jpg 300w, https:\/\/fmloslapachos.com.ar\/wp\/wp-content\/uploads\/2025\/01\/PROX-BANDA-1-768x150.jpg 768w\" sizes=\"(max-width: 1024px) 100vw, 1024px\" \/><\/figure>\n\n\n\n<p>En la misma l\u00ednea, se informa a la comunidad que, se est\u00e1n realizando vacunaci\u00f3n antigripal en el CIC, Centro de Salud Municipal, de lunes a viernes, de 7 a 18 horas.<\/p>\n\n\n\n<p>En tanto, desde la Oficina de Empleo, se informa de una nueva oportunidad laboral, puesto que se necesita vendedor, cuyos requisitos a cumplir deben ser: edad entre 25 y 45 a\u00f1os, licencia de conducir y disponibilidad para realizar trabajos de fuerza, carga y descarga. Los interesados deben presentar sus postulaciones hasta el mi\u00e9rcoles 23 de abril, en la Oficina de Empleo, en calle Lola Mora y Florencio S\u00e1nchez, en horario de 6.30 a 12.30 horas.<\/p>\n\n\n\n<figure class=\"wp-block-image\"><img decoding=\"async\" width=\"1024\" height=\"361\" src=\"https:\/\/fmloslapachos.com.ar\/wp\/wp-content\/uploads\/2025\/02\/httpswww.google.comimgresimgurlhttps3A2F2Flookaside.fbsbx_.com2Flookaside2Fcrawler2Fmedia2F3Fmedia_id3D1843213719033685tbnidFj5OF6nuTQG9xMvet12ahUKEwjhxLvh37iEAxW_ErkGHQkmAVQQMygCegQI-1024x361.jpg\" alt=\"\" class=\"wp-image-283\" srcset=\"https:\/\/fmloslapachos.com.ar\/wp\/wp-content\/uploads\/2025\/02\/httpswww.google.comimgresimgurlhttps3A2F2Flookaside.fbsbx_.com2Flookaside2Fcrawler2Fmedia2F3Fmedia_id3D1843213719033685tbnidFj5OF6nuTQG9xMvet12ahUKEwjhxLvh37iEAxW_ErkGHQkmAVQQMygCegQI-1024x361.jpg 1024w, https:\/\/fmloslapachos.com.ar\/wp\/wp-content\/uploads\/2025\/02\/httpswww.google.comimgresimgurlhttps3A2F2Flookaside.fbsbx_.com2Flookaside2Fcrawler2Fmedia2F3Fmedia_id3D1843213719033685tbnidFj5OF6nuTQG9xMvet12ahUKEwjhxLvh37iEAxW_ErkGHQkmAVQQMygCegQI-300x106.jpg 300w, https:\/\/fmloslapachos.com.ar\/wp\/wp-content\/uploads\/2025\/02\/httpswww.google.comimgresimgurlhttps3A2F2Flookaside.fbsbx_.com2Flookaside2Fcrawler2Fmedia2F3Fmedia_id3D1843213719033685tbnidFj5OF6nuTQG9xMvet12ahUKEwjhxLvh37iEAxW_ErkGHQkmAVQQMygCegQI-768x271.jpg 768w, https:\/\/fmloslapachos.com.ar\/wp\/wp-content\/uploads\/2025\/02\/httpswww.google.comimgresimgurlhttps3A2F2Flookaside.fbsbx_.com2Flookaside2Fcrawler2Fmedia2F3Fmedia_id3D1843213719033685tbnidFj5OF6nuTQG9xMvet12ahUKEwjhxLvh37iEAxW_ErkGHQkmAVQQMygCegQI-1536x542.jpg 1536w, https:\/\/fmloslapachos.com.ar\/wp\/wp-content\/uploads\/2025\/02\/httpswww.google.comimgresimgurlhttps3A2F2Flookaside.fbsbx_.com2Flookaside2Fcrawler2Fmedia2F3Fmedia_id3D1843213719033685tbnidFj5OF6nuTQG9xMvet12ahUKEwjhxLvh37iEAxW_ErkGHQkmAVQQMygCegQI.jpg 1700w\" sizes=\"(max-width: 1024px) 100vw, 1024px\" \/><\/figure>\n\n\n\n<figure class=\"wp-block-image\"><img loading=\"lazy\" decoding=\"async\" width=\"1024\" height=\"1024\" src=\"https:\/\/fmloslapachos.com.ar\/wp\/wp-content\/uploads\/2025\/02\/Copia-de-Delegacion-San-Vicente-1024x1024.jpg\" alt=\"\" class=\"wp-image-317\" srcset=\"https:\/\/fmloslapachos.com.ar\/wp\/wp-content\/uploads\/2025\/02\/Copia-de-Delegacion-San-Vicente-1024x1024.jpg 1024w, https:\/\/fmloslapachos.com.ar\/wp\/wp-content\/uploads\/2025\/02\/Copia-de-Delegacion-San-Vicente-300x300.jpg 300w, https:\/\/fmloslapachos.com.ar\/wp\/wp-content\/uploads\/2025\/02\/Copia-de-Delegacion-San-Vicente-150x150.jpg 150w, https:\/\/fmloslapachos.com.ar\/wp\/wp-content\/uploads\/2025\/02\/Copia-de-Delegacion-San-Vicente-768x768.jpg 768w, https:\/\/fmloslapachos.com.ar\/wp\/wp-content\/uploads\/2025\/02\/Copia-de-Delegacion-San-Vicente.jpg 1080w\" sizes=\"(max-width: 1024px) 100vw, 1024px\" \/><\/figure>\n","protected":false},"excerpt":{"rendered":"<p>El cambio de fecha se debe al fallecimiento del papa Francisco, por el que se decret\u00f3 un duelo nacional de siete d\u00edas. Adem\u00e1s, se dan a conocer operativos de salud, vacunaci\u00f3n antigripal, oportunidad laboral Desde el ejecutivo municipal, el intendente Fabi\u00e1n Rodr\u00edguez, invita a la comunidad a participar de la inauguraci\u00f3n de este nuevo espacio [&hellip;]<\/p>\n","protected":false},"author":1,"featured_media":850,"comment_status":"open","ping_status":"open","sticky":false,"template":"","format":"standard","meta":{"footnotes":""},"categories":[4],"tags":[],"class_list":["post-848","post","type-post","status-publish","format-standard","has-post-thumbnail","hentry","category-san-vicente"],"amp_enabled":true,"_links":{"self":[{"href":"https:\/\/fmloslapachos.com.ar\/index.php?rest_route=\/wp\/v2\/posts\/848","targetHints":{"allow":["GET"]}}],"collection":[{"href":"https:\/\/fmloslapachos.com.ar\/index.php?rest_route=\/wp\/v2\/posts"}],"about":[{"href":"https:\/\/fmloslapachos.com.ar\/index.php?rest_route=\/wp\/v2\/types\/post"}],"author":[{"embeddable":true,"href":"https:\/\/fmloslapachos.com.ar\/index.php?rest_route=\/wp\/v2\/users\/1"}],"replies":[{"embeddable":true,"href":"https:\/\/fmloslapachos.com.ar\/index.php?rest_route=%2Fwp%2Fv2%2Fcomments&post=848"}],"version-history":[{"count":1,"href":"https:\/\/fmloslapachos.com.ar\/index.php?rest_route=\/wp\/v2\/posts\/848\/revisions"}],"predecessor-version":[{"id":851,"href":"https:\/\/fmloslapachos.com.ar\/index.php?rest_route=\/wp\/v2\/posts\/848\/revisions\/851"}],"wp:featuredmedia":[{"embeddable":true,"href":"https:\/\/fmloslapachos.com.ar\/index.php?rest_route=\/wp\/v2\/media\/850"}],"wp:attachment":[{"href":"https:\/\/fmloslapachos.com.ar\/index.php?rest_route=%2Fwp%2Fv2%2Fmedia&parent=848"}],"wp:term":[{"taxonomy":"category","embeddable":true,"href":"https:\/\/fmloslapachos.com.ar\/index.php?rest_route=%2Fwp%2Fv2%2Fcategories&post=848"},{"taxonomy":"post_tag","embeddable":true,"href":"https:\/\/fmloslapachos.com.ar\/index.php?rest_route=%2Fwp%2Fv2%2Ftags&post=848"}],"curies":[{"name":"wp","href":"https:\/\/api.w.org\/{rel}","templated":true}]}}