{"id":784,"date":"2025-04-08T14:38:06","date_gmt":"2025-04-08T14:38:06","guid":{"rendered":"https:\/\/fmloslapachos.com.ar\/?p=784"},"modified":"2025-04-08T14:45:26","modified_gmt":"2025-04-08T14:45:26","slug":"se-desarrollara-un-ciclo-tecnico-en-produccion-de-frutillas-e-hidroponia","status":"publish","type":"post","link":"https:\/\/fmloslapachos.com.ar\/?p=784","title":{"rendered":"Se desarrollar\u00e1 un ciclo t\u00e9cnico en producci\u00f3n de frutillas e hidropon\u00eda"},"content":{"rendered":"\n<p class=\"has-vivid-cyan-blue-color has-text-color has-link-color wp-elements-8b7fb8ec531acb46f18d9f0fa47d6fce\" style=\"font-size:25px\"><strong><em>Este mi\u00e9rcoles desde el Centro de Producci\u00f3n Hort\u00edcola de San Vicente ser\u00e1 la jornada de Producci\u00f3n de hortaliza de hojas en hidroponia.<\/em><\/strong><\/p>\n\n\n\n<figure class=\"wp-block-image\"><img fetchpriority=\"high\" decoding=\"async\" width=\"1024\" height=\"200\" src=\"https:\/\/fmloslapachos.com.ar\/wp\/wp-content\/uploads\/2025\/01\/COOPERATIVA-DE-PROVISION-DE-AGUA-POTABLE-DE-SAN-VICENTE-LIMITADA-1-1.jpg\" alt=\"\" class=\"wp-image-263\" srcset=\"https:\/\/fmloslapachos.com.ar\/wp\/wp-content\/uploads\/2025\/01\/COOPERATIVA-DE-PROVISION-DE-AGUA-POTABLE-DE-SAN-VICENTE-LIMITADA-1-1.jpg 1024w, https:\/\/fmloslapachos.com.ar\/wp\/wp-content\/uploads\/2025\/01\/COOPERATIVA-DE-PROVISION-DE-AGUA-POTABLE-DE-SAN-VICENTE-LIMITADA-1-1-300x59.jpg 300w, https:\/\/fmloslapachos.com.ar\/wp\/wp-content\/uploads\/2025\/01\/COOPERATIVA-DE-PROVISION-DE-AGUA-POTABLE-DE-SAN-VICENTE-LIMITADA-1-1-768x150.jpg 768w\" sizes=\"(max-width: 1024px) 100vw, 1024px\" \/><\/figure>\n\n\n\n<p>Desde el Ministerio del Agro y la Producci\u00f3n, dar\u00e1n inicio una serie de encuentros de formaci\u00f3n a productores consolidados y aquellos que quieren incursionar por el rubro, dando continuidad en b\u00fasqueda de lograr mejores variantes y rendimientos a los cultivos, con la optimizaci\u00f3n de recursos como principal aliado. En este caso, desde el Centro de Producci\u00f3n y Validaci\u00f3n de Tecnolog\u00edas Hort\u00edcolas de San Vicente, se llevar\u00e1 a cabo una jornada destinada a a productores y aspirantes. Ser\u00e1 este mi\u00e9rcoles con la tem\u00e1tica de \u201cProducci\u00f3n de hortaliza de hojas en hidroponia\u201d.<\/p>\n\n\n\n<figure class=\"wp-block-image\"><img decoding=\"async\" width=\"1024\" height=\"200\" src=\"https:\/\/fmloslapachos.com.ar\/wp\/wp-content\/uploads\/2025\/01\/PROX-BANDA-1.jpg\" alt=\"\" class=\"wp-image-264\" srcset=\"https:\/\/fmloslapachos.com.ar\/wp\/wp-content\/uploads\/2025\/01\/PROX-BANDA-1.jpg 1024w, https:\/\/fmloslapachos.com.ar\/wp\/wp-content\/uploads\/2025\/01\/PROX-BANDA-1-300x59.jpg 300w, https:\/\/fmloslapachos.com.ar\/wp\/wp-content\/uploads\/2025\/01\/PROX-BANDA-1-768x150.jpg 768w\" sizes=\"(max-width: 1024px) 100vw, 1024px\" \/><\/figure>\n\n\n\n<figure class=\"wp-block-image\"><img decoding=\"async\" width=\"716\" height=\"489\" src=\"https:\/\/fmloslapachos.com.ar\/wp\/wp-content\/uploads\/2025\/04\/image-8.png\" alt=\"\" class=\"wp-image-787\" style=\"aspect-ratio:16\/9;object-fit:cover\" srcset=\"https:\/\/fmloslapachos.com.ar\/wp\/wp-content\/uploads\/2025\/04\/image-8.png 716w, https:\/\/fmloslapachos.com.ar\/wp\/wp-content\/uploads\/2025\/04\/image-8-300x205.png 300w\" sizes=\"(max-width: 716px) 100vw, 716px\" \/><\/figure>\n\n\n\n<p>Desde hace ya varios meses que el Centro de Producci\u00f3n y Validaci\u00f3n de Tecnolog\u00edas Hort\u00edcolas de San Vicente incorpor\u00f3 cultivo de frutilla en semilla en sus invernaderos. Lo novedoso es que se emplean plantines de cultivo in vitro, que son suministrados por Biof\u00e1brica, junto con plantines frigor\u00edficos. \u201cEstos \u00faltimos son plantines que se conservan a temperaturas bajo cero durante varios meses, lo que resulta en una acumulaci\u00f3n de reservas significativa en la corona de la frutilla\u201d, detall\u00f3 Imbrogno.<\/p>\n\n\n\n<p>Luciana Imbrogno, subsecretaria de Desarrollo y Producci\u00f3n Vegetal del Ministerio del Agro y la Producci\u00f3n, brind\u00f3 algunos detalles al respecto. \u201cEs una tecnolog\u00eda que no es para todo el mundo pero que tiene numerosas ventajas para los que lo quieren adoptar. En esta jornada tratamos distintos temas de inter\u00e9s, como ser el manejo nutricional y sanitario, y el uso de bioinsumos. Comentaremos sobre nuevas opciones de infraestructura y nuevos equipamientos\u201d, indic\u00f3.<\/p>\n\n\n\n<figure class=\"wp-block-image\"><img loading=\"lazy\" decoding=\"async\" width=\"1024\" height=\"361\" src=\"https:\/\/fmloslapachos.com.ar\/wp\/wp-content\/uploads\/2025\/02\/httpswww.google.comimgresimgurlhttps3A2F2Flookaside.fbsbx_.com2Flookaside2Fcrawler2Fmedia2F3Fmedia_id3D1843213719033685tbnidFj5OF6nuTQG9xMvet12ahUKEwjhxLvh37iEAxW_ErkGHQkmAVQQMygCegQI-1024x361.jpg\" alt=\"\" class=\"wp-image-283\" srcset=\"https:\/\/fmloslapachos.com.ar\/wp\/wp-content\/uploads\/2025\/02\/httpswww.google.comimgresimgurlhttps3A2F2Flookaside.fbsbx_.com2Flookaside2Fcrawler2Fmedia2F3Fmedia_id3D1843213719033685tbnidFj5OF6nuTQG9xMvet12ahUKEwjhxLvh37iEAxW_ErkGHQkmAVQQMygCegQI-1024x361.jpg 1024w, https:\/\/fmloslapachos.com.ar\/wp\/wp-content\/uploads\/2025\/02\/httpswww.google.comimgresimgurlhttps3A2F2Flookaside.fbsbx_.com2Flookaside2Fcrawler2Fmedia2F3Fmedia_id3D1843213719033685tbnidFj5OF6nuTQG9xMvet12ahUKEwjhxLvh37iEAxW_ErkGHQkmAVQQMygCegQI-300x106.jpg 300w, https:\/\/fmloslapachos.com.ar\/wp\/wp-content\/uploads\/2025\/02\/httpswww.google.comimgresimgurlhttps3A2F2Flookaside.fbsbx_.com2Flookaside2Fcrawler2Fmedia2F3Fmedia_id3D1843213719033685tbnidFj5OF6nuTQG9xMvet12ahUKEwjhxLvh37iEAxW_ErkGHQkmAVQQMygCegQI-768x271.jpg 768w, https:\/\/fmloslapachos.com.ar\/wp\/wp-content\/uploads\/2025\/02\/httpswww.google.comimgresimgurlhttps3A2F2Flookaside.fbsbx_.com2Flookaside2Fcrawler2Fmedia2F3Fmedia_id3D1843213719033685tbnidFj5OF6nuTQG9xMvet12ahUKEwjhxLvh37iEAxW_ErkGHQkmAVQQMygCegQI-1536x542.jpg 1536w, https:\/\/fmloslapachos.com.ar\/wp\/wp-content\/uploads\/2025\/02\/httpswww.google.comimgresimgurlhttps3A2F2Flookaside.fbsbx_.com2Flookaside2Fcrawler2Fmedia2F3Fmedia_id3D1843213719033685tbnidFj5OF6nuTQG9xMvet12ahUKEwjhxLvh37iEAxW_ErkGHQkmAVQQMygCegQI.jpg 1700w\" sizes=\"(max-width: 1024px) 100vw, 1024px\" \/><\/figure>\n\n\n\n<figure class=\"wp-block-image\"><img loading=\"lazy\" decoding=\"async\" width=\"1024\" height=\"1024\" src=\"https:\/\/fmloslapachos.com.ar\/wp\/wp-content\/uploads\/2025\/02\/Copia-de-Delegacion-San-Vicente-2-1024x1024.jpg\" alt=\"\" class=\"wp-image-342\" srcset=\"https:\/\/fmloslapachos.com.ar\/wp\/wp-content\/uploads\/2025\/02\/Copia-de-Delegacion-San-Vicente-2-1024x1024.jpg 1024w, https:\/\/fmloslapachos.com.ar\/wp\/wp-content\/uploads\/2025\/02\/Copia-de-Delegacion-San-Vicente-2-300x300.jpg 300w, https:\/\/fmloslapachos.com.ar\/wp\/wp-content\/uploads\/2025\/02\/Copia-de-Delegacion-San-Vicente-2-150x150.jpg 150w, https:\/\/fmloslapachos.com.ar\/wp\/wp-content\/uploads\/2025\/02\/Copia-de-Delegacion-San-Vicente-2-768x768.jpg 768w, https:\/\/fmloslapachos.com.ar\/wp\/wp-content\/uploads\/2025\/02\/Copia-de-Delegacion-San-Vicente-2.jpg 1080w\" sizes=\"(max-width: 1024px) 100vw, 1024px\" \/><\/figure>\n","protected":false},"excerpt":{"rendered":"<p>Este mi\u00e9rcoles desde el Centro de Producci\u00f3n Hort\u00edcola de San Vicente ser\u00e1 la jornada de Producci\u00f3n de hortaliza de hojas en hidroponia. Desde el Ministerio del Agro y la Producci\u00f3n, dar\u00e1n inicio una serie de encuentros de formaci\u00f3n a productores consolidados y aquellos que quieren incursionar por el rubro, dando continuidad en b\u00fasqueda de lograr [&hellip;]<\/p>\n","protected":false},"author":1,"featured_media":788,"comment_status":"open","ping_status":"open","sticky":false,"template":"","format":"standard","meta":{"footnotes":""},"categories":[4],"tags":[],"class_list":["post-784","post","type-post","status-publish","format-standard","has-post-thumbnail","hentry","category-san-vicente"],"amp_enabled":true,"_links":{"self":[{"href":"https:\/\/fmloslapachos.com.ar\/index.php?rest_route=\/wp\/v2\/posts\/784","targetHints":{"allow":["GET"]}}],"collection":[{"href":"https:\/\/fmloslapachos.com.ar\/index.php?rest_route=\/wp\/v2\/posts"}],"about":[{"href":"https:\/\/fmloslapachos.com.ar\/index.php?rest_route=\/wp\/v2\/types\/post"}],"author":[{"embeddable":true,"href":"https:\/\/fmloslapachos.com.ar\/index.php?rest_route=\/wp\/v2\/users\/1"}],"replies":[{"embeddable":true,"href":"https:\/\/fmloslapachos.com.ar\/index.php?rest_route=%2Fwp%2Fv2%2Fcomments&post=784"}],"version-history":[{"count":1,"href":"https:\/\/fmloslapachos.com.ar\/index.php?rest_route=\/wp\/v2\/posts\/784\/revisions"}],"predecessor-version":[{"id":789,"href":"https:\/\/fmloslapachos.com.ar\/index.php?rest_route=\/wp\/v2\/posts\/784\/revisions\/789"}],"wp:featuredmedia":[{"embeddable":true,"href":"https:\/\/fmloslapachos.com.ar\/index.php?rest_route=\/wp\/v2\/media\/788"}],"wp:attachment":[{"href":"https:\/\/fmloslapachos.com.ar\/index.php?rest_route=%2Fwp%2Fv2%2Fmedia&parent=784"}],"wp:term":[{"taxonomy":"category","embeddable":true,"href":"https:\/\/fmloslapachos.com.ar\/index.php?rest_route=%2Fwp%2Fv2%2Fcategories&post=784"},{"taxonomy":"post_tag","embeddable":true,"href":"https:\/\/fmloslapachos.com.ar\/index.php?rest_route=%2Fwp%2Fv2%2Ftags&post=784"}],"curies":[{"name":"wp","href":"https:\/\/api.w.org\/{rel}","templated":true}]}}