{"id":765,"date":"2025-04-08T13:38:49","date_gmt":"2025-04-08T13:38:49","guid":{"rendered":"https:\/\/fmloslapachos.com.ar\/?p=765"},"modified":"2025-04-08T14:09:15","modified_gmt":"2025-04-08T14:09:15","slug":"agenda-de-actividades-de-la-municipalidad-de-san-vicente","status":"publish","type":"post","link":"https:\/\/fmloslapachos.com.ar\/?p=765","title":{"rendered":"Agenda de actividades de la Municipalidad de San Vicente"},"content":{"rendered":"\n<p class=\"has-vivid-cyan-blue-color has-text-color has-link-color wp-elements-04b8c827f93a01aa38741856054e59b9\" style=\"font-size:25px\"><strong><em>Desde el \u00e1rea de Prensa del municipio, dieron a conocer las actividades que est\u00e1n programadas para esta semana en distintos \u00e1mbitos<\/em><\/strong><\/p>\n\n\n\n<figure class=\"wp-block-image\"><img fetchpriority=\"high\" decoding=\"async\" width=\"1024\" height=\"200\" src=\"https:\/\/fmloslapachos.com.ar\/wp\/wp-content\/uploads\/2025\/01\/COOPERATIVA-DE-PROVISION-DE-AGUA-POTABLE-DE-SAN-VICENTE-LIMITADA-1-1.jpg\" alt=\"\" class=\"wp-image-263\" srcset=\"https:\/\/fmloslapachos.com.ar\/wp\/wp-content\/uploads\/2025\/01\/COOPERATIVA-DE-PROVISION-DE-AGUA-POTABLE-DE-SAN-VICENTE-LIMITADA-1-1.jpg 1024w, https:\/\/fmloslapachos.com.ar\/wp\/wp-content\/uploads\/2025\/01\/COOPERATIVA-DE-PROVISION-DE-AGUA-POTABLE-DE-SAN-VICENTE-LIMITADA-1-1-300x59.jpg 300w, https:\/\/fmloslapachos.com.ar\/wp\/wp-content\/uploads\/2025\/01\/COOPERATIVA-DE-PROVISION-DE-AGUA-POTABLE-DE-SAN-VICENTE-LIMITADA-1-1-768x150.jpg 768w\" sizes=\"(max-width: 1024px) 100vw, 1024px\" \/><\/figure>\n\n\n\n<p class=\"has-medium-font-size\"><strong>Operativo de Salud con la Unidad M\u00f3vil Sanitaria<\/strong><\/p>\n\n\n\n<p>Se realizar\u00e1 este mi\u00e9rcoles 9 de abril, desde las 8 de la ma\u00f1ana en la Escuela N\u00b0 651 del Ex Km. 1281 con los siguientes servicios:<\/p>\n\n\n\n<p>\u2022 Vacunaci\u00f3n<br>\u2022 Entrega de leche<br>\u2022 Odontolog\u00eda<br>\u2022 Pediatr\u00eda<br>\u2022 Atenci\u00f3n de Nutricionista<br>\u2022 M\u00e9dico Cl\u00ednico<br>\u2022 Asesoramiento en el \u00e1rea social<br>\u2022 Realizaci\u00f3n de PAP<\/p>\n\n\n\n<figure class=\"wp-block-image size-large\"><img decoding=\"async\" width=\"576\" height=\"1024\" src=\"https:\/\/fmloslapachos.com.ar\/wp\/wp-content\/uploads\/2025\/04\/WhatsApp-Image-2025-04-07-at-08.52.04-576x1024.jpeg\" alt=\"\" class=\"wp-image-768\" srcset=\"https:\/\/fmloslapachos.com.ar\/wp\/wp-content\/uploads\/2025\/04\/WhatsApp-Image-2025-04-07-at-08.52.04-576x1024.jpeg 576w, https:\/\/fmloslapachos.com.ar\/wp\/wp-content\/uploads\/2025\/04\/WhatsApp-Image-2025-04-07-at-08.52.04-169x300.jpeg 169w, https:\/\/fmloslapachos.com.ar\/wp\/wp-content\/uploads\/2025\/04\/WhatsApp-Image-2025-04-07-at-08.52.04-768x1365.jpeg 768w, https:\/\/fmloslapachos.com.ar\/wp\/wp-content\/uploads\/2025\/04\/WhatsApp-Image-2025-04-07-at-08.52.04-864x1536.jpeg 864w, https:\/\/fmloslapachos.com.ar\/wp\/wp-content\/uploads\/2025\/04\/WhatsApp-Image-2025-04-07-at-08.52.04.jpeg 900w\" sizes=\"(max-width: 576px) 100vw, 576px\" \/><\/figure>\n\n\n\n<p class=\"has-medium-font-size\"><strong>Vacunaci\u00f3n contra la Gripe:<\/strong> se realiza de lunes a viernes de 7 a 18 horas en el Centro de Salud Municipal CIC<\/p>\n\n\n\n<figure class=\"wp-block-image\"><img decoding=\"async\" width=\"1024\" height=\"200\" src=\"https:\/\/fmloslapachos.com.ar\/wp\/wp-content\/uploads\/2025\/01\/PROX-BANDA-1.jpg\" alt=\"\" class=\"wp-image-264\" srcset=\"https:\/\/fmloslapachos.com.ar\/wp\/wp-content\/uploads\/2025\/01\/PROX-BANDA-1.jpg 1024w, https:\/\/fmloslapachos.com.ar\/wp\/wp-content\/uploads\/2025\/01\/PROX-BANDA-1-300x59.jpg 300w, https:\/\/fmloslapachos.com.ar\/wp\/wp-content\/uploads\/2025\/01\/PROX-BANDA-1-768x150.jpg 768w\" sizes=\"(max-width: 1024px) 100vw, 1024px\" \/><\/figure>\n\n\n\n<p class=\"has-medium-font-size\"><strong>Oficina de Empleo:<\/strong> El Taller de Orientaci\u00f3n Laboral e inscripciones al Programa Fomentar Empleo se encuentra abierto. Quienes tengan m\u00e1s de 18 a\u00f1os, pueden acercarse a esta oficina a recibir el asesoramiento necesario para inscribirse, de lunes a viernes de 6.30 a 12.30 horas.<\/p>\n\n\n\n<figure class=\"wp-block-image size-full\"><img loading=\"lazy\" decoding=\"async\" width=\"900\" height=\"1600\" src=\"https:\/\/fmloslapachos.com.ar\/wp\/wp-content\/uploads\/2025\/04\/WhatsApp-Image-2025-04-07-at-08.52.04-1.jpeg\" alt=\"\" class=\"wp-image-767\" srcset=\"https:\/\/fmloslapachos.com.ar\/wp\/wp-content\/uploads\/2025\/04\/WhatsApp-Image-2025-04-07-at-08.52.04-1.jpeg 900w, https:\/\/fmloslapachos.com.ar\/wp\/wp-content\/uploads\/2025\/04\/WhatsApp-Image-2025-04-07-at-08.52.04-1-169x300.jpeg 169w, https:\/\/fmloslapachos.com.ar\/wp\/wp-content\/uploads\/2025\/04\/WhatsApp-Image-2025-04-07-at-08.52.04-1-576x1024.jpeg 576w, https:\/\/fmloslapachos.com.ar\/wp\/wp-content\/uploads\/2025\/04\/WhatsApp-Image-2025-04-07-at-08.52.04-1-768x1365.jpeg 768w, https:\/\/fmloslapachos.com.ar\/wp\/wp-content\/uploads\/2025\/04\/WhatsApp-Image-2025-04-07-at-08.52.04-1-864x1536.jpeg 864w\" sizes=\"(max-width: 900px) 100vw, 900px\" \/><\/figure>\n\n\n\n<p class=\"has-medium-font-size\"><strong>Deportes<\/strong><\/p>\n\n\n\n<p>Desde el 11 y hasta el 13 de abril, en el Polideportivo Municipal de San Vicente, se realizar\u00e1 el Torneo Internacional de V\u00f3ley denominado &#8220;Copa Ciudad de San Vicente&#8221;, con exponentes de distintas provincias y pa\u00edses vecinos que se dar\u00e1n cita en este evento de alto nivel para quienes gustan de esta disciplna deportiva y quienes quieran disfrutar de un torneo que promete alta competencia.<\/p>\n\n\n\n<figure class=\"wp-block-image\"><img loading=\"lazy\" decoding=\"async\" width=\"1024\" height=\"361\" src=\"https:\/\/fmloslapachos.com.ar\/wp\/wp-content\/uploads\/2025\/02\/httpswww.google.comimgresimgurlhttps3A2F2Flookaside.fbsbx_.com2Flookaside2Fcrawler2Fmedia2F3Fmedia_id3D1843213719033685tbnidFj5OF6nuTQG9xMvet12ahUKEwjhxLvh37iEAxW_ErkGHQkmAVQQMygCegQI-1024x361.jpg\" alt=\"\" class=\"wp-image-283\" srcset=\"https:\/\/fmloslapachos.com.ar\/wp\/wp-content\/uploads\/2025\/02\/httpswww.google.comimgresimgurlhttps3A2F2Flookaside.fbsbx_.com2Flookaside2Fcrawler2Fmedia2F3Fmedia_id3D1843213719033685tbnidFj5OF6nuTQG9xMvet12ahUKEwjhxLvh37iEAxW_ErkGHQkmAVQQMygCegQI-1024x361.jpg 1024w, https:\/\/fmloslapachos.com.ar\/wp\/wp-content\/uploads\/2025\/02\/httpswww.google.comimgresimgurlhttps3A2F2Flookaside.fbsbx_.com2Flookaside2Fcrawler2Fmedia2F3Fmedia_id3D1843213719033685tbnidFj5OF6nuTQG9xMvet12ahUKEwjhxLvh37iEAxW_ErkGHQkmAVQQMygCegQI-300x106.jpg 300w, https:\/\/fmloslapachos.com.ar\/wp\/wp-content\/uploads\/2025\/02\/httpswww.google.comimgresimgurlhttps3A2F2Flookaside.fbsbx_.com2Flookaside2Fcrawler2Fmedia2F3Fmedia_id3D1843213719033685tbnidFj5OF6nuTQG9xMvet12ahUKEwjhxLvh37iEAxW_ErkGHQkmAVQQMygCegQI-768x271.jpg 768w, https:\/\/fmloslapachos.com.ar\/wp\/wp-content\/uploads\/2025\/02\/httpswww.google.comimgresimgurlhttps3A2F2Flookaside.fbsbx_.com2Flookaside2Fcrawler2Fmedia2F3Fmedia_id3D1843213719033685tbnidFj5OF6nuTQG9xMvet12ahUKEwjhxLvh37iEAxW_ErkGHQkmAVQQMygCegQI-1536x542.jpg 1536w, https:\/\/fmloslapachos.com.ar\/wp\/wp-content\/uploads\/2025\/02\/httpswww.google.comimgresimgurlhttps3A2F2Flookaside.fbsbx_.com2Flookaside2Fcrawler2Fmedia2F3Fmedia_id3D1843213719033685tbnidFj5OF6nuTQG9xMvet12ahUKEwjhxLvh37iEAxW_ErkGHQkmAVQQMygCegQI.jpg 1700w\" sizes=\"(max-width: 1024px) 100vw, 1024px\" \/><\/figure>\n\n\n\n<figure class=\"wp-block-image\"><img loading=\"lazy\" decoding=\"async\" width=\"1024\" height=\"1024\" src=\"https:\/\/fmloslapachos.com.ar\/wp\/wp-content\/uploads\/2025\/02\/Copia-de-Delegacion-San-Vicente-1024x1024.jpg\" alt=\"\" class=\"wp-image-317\" srcset=\"https:\/\/fmloslapachos.com.ar\/wp\/wp-content\/uploads\/2025\/02\/Copia-de-Delegacion-San-Vicente-1024x1024.jpg 1024w, https:\/\/fmloslapachos.com.ar\/wp\/wp-content\/uploads\/2025\/02\/Copia-de-Delegacion-San-Vicente-300x300.jpg 300w, https:\/\/fmloslapachos.com.ar\/wp\/wp-content\/uploads\/2025\/02\/Copia-de-Delegacion-San-Vicente-150x150.jpg 150w, https:\/\/fmloslapachos.com.ar\/wp\/wp-content\/uploads\/2025\/02\/Copia-de-Delegacion-San-Vicente-768x768.jpg 768w, https:\/\/fmloslapachos.com.ar\/wp\/wp-content\/uploads\/2025\/02\/Copia-de-Delegacion-San-Vicente.jpg 1080w\" sizes=\"(max-width: 1024px) 100vw, 1024px\" \/><\/figure>\n","protected":false},"excerpt":{"rendered":"<p>Desde el \u00e1rea de Prensa del municipio, dieron a conocer las actividades que est\u00e1n programadas para esta semana en distintos \u00e1mbitos Operativo de Salud con la Unidad M\u00f3vil Sanitaria Se realizar\u00e1 este mi\u00e9rcoles 9 de abril, desde las 8 de la ma\u00f1ana en la Escuela N\u00b0 651 del Ex Km. 1281 con los siguientes servicios: [&hellip;]<\/p>\n","protected":false},"author":1,"featured_media":769,"comment_status":"open","ping_status":"open","sticky":false,"template":"","format":"standard","meta":{"footnotes":""},"categories":[4],"tags":[],"class_list":["post-765","post","type-post","status-publish","format-standard","has-post-thumbnail","hentry","category-san-vicente"],"amp_enabled":true,"_links":{"self":[{"href":"https:\/\/fmloslapachos.com.ar\/index.php?rest_route=\/wp\/v2\/posts\/765","targetHints":{"allow":["GET"]}}],"collection":[{"href":"https:\/\/fmloslapachos.com.ar\/index.php?rest_route=\/wp\/v2\/posts"}],"about":[{"href":"https:\/\/fmloslapachos.com.ar\/index.php?rest_route=\/wp\/v2\/types\/post"}],"author":[{"embeddable":true,"href":"https:\/\/fmloslapachos.com.ar\/index.php?rest_route=\/wp\/v2\/users\/1"}],"replies":[{"embeddable":true,"href":"https:\/\/fmloslapachos.com.ar\/index.php?rest_route=%2Fwp%2Fv2%2Fcomments&post=765"}],"version-history":[{"count":2,"href":"https:\/\/fmloslapachos.com.ar\/index.php?rest_route=\/wp\/v2\/posts\/765\/revisions"}],"predecessor-version":[{"id":780,"href":"https:\/\/fmloslapachos.com.ar\/index.php?rest_route=\/wp\/v2\/posts\/765\/revisions\/780"}],"wp:featuredmedia":[{"embeddable":true,"href":"https:\/\/fmloslapachos.com.ar\/index.php?rest_route=\/wp\/v2\/media\/769"}],"wp:attachment":[{"href":"https:\/\/fmloslapachos.com.ar\/index.php?rest_route=%2Fwp%2Fv2%2Fmedia&parent=765"}],"wp:term":[{"taxonomy":"category","embeddable":true,"href":"https:\/\/fmloslapachos.com.ar\/index.php?rest_route=%2Fwp%2Fv2%2Fcategories&post=765"},{"taxonomy":"post_tag","embeddable":true,"href":"https:\/\/fmloslapachos.com.ar\/index.php?rest_route=%2Fwp%2Fv2%2Ftags&post=765"}],"curies":[{"name":"wp","href":"https:\/\/api.w.org\/{rel}","templated":true}]}}