{"id":3876,"date":"2026-09-04T17:59:50","date_gmt":"2026-09-04T20:59:50","guid":{"rendered":"https:\/\/fmloslapachos.com.ar\/?p=3876"},"modified":"2026-09-04T17:59:56","modified_gmt":"2026-09-04T20:59:56","slug":"se-lanzo-oficialmente-el-digesto-juridico-municipal","status":"publish","type":"post","link":"https:\/\/fmloslapachos.com.ar\/?p=3876","title":{"rendered":"Se lanz\u00f3 oficialmente el Digesto Jur\u00eddico Municipal"},"content":{"rendered":"\n<p class=\"wp-block-paragraph\" style=\"font-size:25px\"><strong><em>El encuentro fue en la casa de la cultura de San Vicente marcando un hecho hist\u00f3rico para  la comunidad<\/em><\/strong><\/p>\n\n\n\n<p class=\"wp-block-paragraph\">EN horas de la ma\u00f1ana de este viernes, se realiz\u00f3 la presentaci\u00f3n y entrega del Digesto Jur\u00eddico Municipal al municipio de San Vicente. EL acto cont\u00f3 con la presencia del intendente municipal Fabi\u00e1n Rodr\u00edguez, el presidente de la C\u00e1mara de Diputados de Misiones Sebasti\u00e1n Mac\u00edas, el presidente del Concejo Deliberante local Jorga Hasan, la secretaria legislativa Silvana P\u00e9rez, concejales del municipio, equipo t\u00e9cnico y comunidad que se dieron cita para ser testigos de un paso fundamental hacia la modernizaci\u00f3n y f\u00e1cil acceso a todo lo referente a ordenanzas y resoluciones emitidas por el alto cuerpo deliberativo de San Vicente.<\/p>\n\n\n\n<figure class=\"wp-block-image\"><img fetchpriority=\"high\" decoding=\"async\" width=\"887\" height=\"532\" src=\"https:\/\/fmloslapachos.com.ar\/wp\/wp-content\/uploads\/2026\/09\/image-2.png\" alt=\"\" class=\"wp-image-3879\" srcset=\"https:\/\/fmloslapachos.com.ar\/wp\/wp-content\/uploads\/2026\/09\/image-2.png 887w, https:\/\/fmloslapachos.com.ar\/wp\/wp-content\/uploads\/2026\/09\/image-2-300x180.png 300w, https:\/\/fmloslapachos.com.ar\/wp\/wp-content\/uploads\/2026\/09\/image-2-767x460.png 767w\" sizes=\"(max-width: 887px) 100vw, 887px\" \/><\/figure>\n\n\n\n<p class=\"wp-block-paragraph\">La jornada cont\u00f3 adem\u00e1s con la entrega de reconocimientos a todos quienes participaron de la elaboraci\u00f3n del digesto, ediles, colaboradores, equipo t\u00e9cnico, secretarios del concejo deliberante y principalmente a Gloria Komatzu de Kurimura, quien estuvo mas de veinte a\u00f1os en la secretar\u00eda del concejo y aport\u00f3 mucho conocimiento hist\u00f3rico al trabajo realizado que hoy cuenta con este gran avance que significa un facil y din\u00e1mico acceso a la informacion.<\/p>\n\n\n\n<figure class=\"wp-block-image\"><img decoding=\"async\" width=\"895\" height=\"546\" src=\"https:\/\/fmloslapachos.com.ar\/wp\/wp-content\/uploads\/2026\/09\/image-3.png\" alt=\"\" class=\"wp-image-3880\" srcset=\"https:\/\/fmloslapachos.com.ar\/wp\/wp-content\/uploads\/2026\/09\/image-3.png 895w, https:\/\/fmloslapachos.com.ar\/wp\/wp-content\/uploads\/2026\/09\/image-3-300x183.png 300w, https:\/\/fmloslapachos.com.ar\/wp\/wp-content\/uploads\/2026\/09\/image-3-767x468.png 767w\" sizes=\"(max-width: 895px) 100vw, 895px\" \/><\/figure>\n\n\n\n<figure class=\"wp-block-image\"><img decoding=\"async\" width=\"832\" height=\"490\" src=\"https:\/\/fmloslapachos.com.ar\/wp\/wp-content\/uploads\/2026\/09\/image-4.png\" alt=\"\" class=\"wp-image-3881\" srcset=\"https:\/\/fmloslapachos.com.ar\/wp\/wp-content\/uploads\/2026\/09\/image-4.png 832w, https:\/\/fmloslapachos.com.ar\/wp\/wp-content\/uploads\/2026\/09\/image-4-300x177.png 300w, https:\/\/fmloslapachos.com.ar\/wp\/wp-content\/uploads\/2026\/09\/image-4-767x452.png 767w\" sizes=\"(max-width: 832px) 100vw, 832px\" \/><\/figure>\n","protected":false},"excerpt":{"rendered":"<p>El encuentro fue en la casa de la cultura de San Vicente marcando un hecho hist\u00f3rico para la comunidad EN horas de la ma\u00f1ana de este viernes, se realiz\u00f3 la presentaci\u00f3n y entrega del Digesto Jur\u00eddico Municipal al municipio de San Vicente. EL acto cont\u00f3 con la presencia del intendente municipal Fabi\u00e1n Rodr\u00edguez, el presidente [&hellip;]<\/p>\n","protected":false},"author":1,"featured_media":3879,"comment_status":"open","ping_status":"open","sticky":false,"template":"","format":"standard","meta":{"footnotes":""},"categories":[4],"tags":[],"class_list":["post-3876","post","type-post","status-publish","format-standard","has-post-thumbnail","hentry","category-san-vicente"],"amp_enabled":true,"_links":{"self":[{"href":"https:\/\/fmloslapachos.com.ar\/index.php?rest_route=\/wp\/v2\/posts\/3876","targetHints":{"allow":["GET"]}}],"collection":[{"href":"https:\/\/fmloslapachos.com.ar\/index.php?rest_route=\/wp\/v2\/posts"}],"about":[{"href":"https:\/\/fmloslapachos.com.ar\/index.php?rest_route=\/wp\/v2\/types\/post"}],"author":[{"embeddable":true,"href":"https:\/\/fmloslapachos.com.ar\/index.php?rest_route=\/wp\/v2\/users\/1"}],"replies":[{"embeddable":true,"href":"https:\/\/fmloslapachos.com.ar\/index.php?rest_route=%2Fwp%2Fv2%2Fcomments&post=3876"}],"version-history":[{"count":1,"href":"https:\/\/fmloslapachos.com.ar\/index.php?rest_route=\/wp\/v2\/posts\/3876\/revisions"}],"predecessor-version":[{"id":3882,"href":"https:\/\/fmloslapachos.com.ar\/index.php?rest_route=\/wp\/v2\/posts\/3876\/revisions\/3882"}],"wp:featuredmedia":[{"embeddable":true,"href":"https:\/\/fmloslapachos.com.ar\/index.php?rest_route=\/wp\/v2\/media\/3879"}],"wp:attachment":[{"href":"https:\/\/fmloslapachos.com.ar\/index.php?rest_route=%2Fwp%2Fv2%2Fmedia&parent=3876"}],"wp:term":[{"taxonomy":"category","embeddable":true,"href":"https:\/\/fmloslapachos.com.ar\/index.php?rest_route=%2Fwp%2Fv2%2Fcategories&post=3876"},{"taxonomy":"post_tag","embeddable":true,"href":"https:\/\/fmloslapachos.com.ar\/index.php?rest_route=%2Fwp%2Fv2%2Ftags&post=3876"}],"curies":[{"name":"wp","href":"https:\/\/api.w.org\/{rel}","templated":true}]}}