{"id":3863,"date":"2026-09-01T22:05:33","date_gmt":"2026-09-02T01:05:33","guid":{"rendered":"https:\/\/fmloslapachos.com.ar\/?p=3863"},"modified":"2026-09-01T22:05:36","modified_gmt":"2026-09-02T01:05:36","slug":"se-realizo-un-taller-informativo-sobre-el-fenomeno-climatico-el-nino","status":"publish","type":"post","link":"https:\/\/fmloslapachos.com.ar\/?p=3863","title":{"rendered":"Se realiz\u00f3 un taller informativo sobre el fen\u00f3meno clim\u00e1tico &#8220;El Ni\u00f1o&#8221;"},"content":{"rendered":"\n<p class=\"wp-block-paragraph\" style=\"font-size:25px\"><strong><em>La convocatoria tuvo como finalidad abordar las diferentes situaciones que se pueden presentar y c\u00f3mo actuar en forma organizada y efectiva<\/em><\/strong><\/p>\n\n\n\n<p class=\"wp-block-paragraph\">En la ma\u00f1ana de este martes, la colmada sala de usos m\u00faltiples de la casa de la cultura, fue el punto de encuentro al que asistieron autoridades municipales, concejales, fuerzas vivas, docentes, asociaciones y vecinos preocupados por los hechos clim\u00e1ticos y consecuencias que deja la corriente del ni\u00f1o en su paso por esta parte del continente.<\/p>\n\n\n\n<p class=\"wp-block-paragraph\">La bienvenida estuvo a cargo del intendente municipal Fabi\u00e1n Rodr\u00edguez, quien llam\u00f3 al compromiso ante las diferentes situaciones que s epuedan presentar con la alerta vigente por fen\u00f3menos meteorol\u00f3gicos que afectan la regi\u00f3n.<\/p>\n\n\n\n<figure class=\"wp-block-image\"><img fetchpriority=\"high\" decoding=\"async\" width=\"888\" height=\"532\" src=\"https:\/\/fmloslapachos.com.ar\/wp\/wp-content\/uploads\/2026\/09\/image-1.png\" alt=\"\" class=\"wp-image-3867\" srcset=\"https:\/\/fmloslapachos.com.ar\/wp\/wp-content\/uploads\/2026\/09\/image-1.png 888w, https:\/\/fmloslapachos.com.ar\/wp\/wp-content\/uploads\/2026\/09\/image-1-300x180.png 300w, https:\/\/fmloslapachos.com.ar\/wp\/wp-content\/uploads\/2026\/09\/image-1-768x460.png 768w\" sizes=\"(max-width: 888px) 100vw, 888px\" \/><\/figure>\n\n\n\n<p class=\"wp-block-paragraph\">Los disertantes fueron Jos\u00e9 Luis B\u00e1ez, director de planificaci\u00f3n estrat\u00e9gica de la provincia, junto a miembros de la subsecretar\u00eda de protecci\u00f3n civil Gustavo San Jos\u00e9 y Jos\u00e9 Luis Gularte, entre otros funcionarios.<\/p>\n\n\n\n<p class=\"wp-block-paragraph\">La jornada fue propicia para reforzar el trabajo conjunto en busca de una correcta preparaci\u00f3n ante situaciones meteorol\u00f3gicas posibles de suceder en este tiempo de estar alertas.<\/p>\n","protected":false},"excerpt":{"rendered":"<p>La convocatoria tuvo como finalidad abordar las diferentes situaciones que se pueden presentar y c\u00f3mo actuar en forma organizada y efectiva En la ma\u00f1ana de este martes, la colmada sala de usos m\u00faltiples de la casa de la cultura, fue el punto de encuentro al que asistieron autoridades municipales, concejales, fuerzas vivas, docentes, asociaciones y [&hellip;]<\/p>\n","protected":false},"author":1,"featured_media":3868,"comment_status":"open","ping_status":"open","sticky":false,"template":"","format":"standard","meta":{"footnotes":""},"categories":[4],"tags":[],"class_list":["post-3863","post","type-post","status-publish","format-standard","has-post-thumbnail","hentry","category-san-vicente"],"amp_enabled":true,"_links":{"self":[{"href":"https:\/\/fmloslapachos.com.ar\/index.php?rest_route=\/wp\/v2\/posts\/3863","targetHints":{"allow":["GET"]}}],"collection":[{"href":"https:\/\/fmloslapachos.com.ar\/index.php?rest_route=\/wp\/v2\/posts"}],"about":[{"href":"https:\/\/fmloslapachos.com.ar\/index.php?rest_route=\/wp\/v2\/types\/post"}],"author":[{"embeddable":true,"href":"https:\/\/fmloslapachos.com.ar\/index.php?rest_route=\/wp\/v2\/users\/1"}],"replies":[{"embeddable":true,"href":"https:\/\/fmloslapachos.com.ar\/index.php?rest_route=%2Fwp%2Fv2%2Fcomments&post=3863"}],"version-history":[{"count":1,"href":"https:\/\/fmloslapachos.com.ar\/index.php?rest_route=\/wp\/v2\/posts\/3863\/revisions"}],"predecessor-version":[{"id":3869,"href":"https:\/\/fmloslapachos.com.ar\/index.php?rest_route=\/wp\/v2\/posts\/3863\/revisions\/3869"}],"wp:featuredmedia":[{"embeddable":true,"href":"https:\/\/fmloslapachos.com.ar\/index.php?rest_route=\/wp\/v2\/media\/3868"}],"wp:attachment":[{"href":"https:\/\/fmloslapachos.com.ar\/index.php?rest_route=%2Fwp%2Fv2%2Fmedia&parent=3863"}],"wp:term":[{"taxonomy":"category","embeddable":true,"href":"https:\/\/fmloslapachos.com.ar\/index.php?rest_route=%2Fwp%2Fv2%2Fcategories&post=3863"},{"taxonomy":"post_tag","embeddable":true,"href":"https:\/\/fmloslapachos.com.ar\/index.php?rest_route=%2Fwp%2Fv2%2Ftags&post=3863"}],"curies":[{"name":"wp","href":"https:\/\/api.w.org\/{rel}","templated":true}]}}