{"id":3850,"date":"2026-08-31T10:58:06","date_gmt":"2026-08-31T13:58:06","guid":{"rendered":"https:\/\/fmloslapachos.com.ar\/?p=3850"},"modified":"2026-08-31T11:17:30","modified_gmt":"2026-08-31T14:17:30","slug":"esta-manana-un-fuerte-temporal-afecto-el-soberbio-hay-familias-afectadas","status":"publish","type":"post","link":"https:\/\/fmloslapachos.com.ar\/?p=3850","title":{"rendered":"Esta ma\u00f1ana un fuerte temporal afect\u00f3 El Soberbio, hay familias afectadas"},"content":{"rendered":"\n<p class=\"wp-block-paragraph\" style=\"font-size:25px\"><strong><em>El fen\u00f3meno se registr\u00f3 aproximadamente entre las 7:15 y las 7:30 y, en pocos minutos, gener\u00f3 voladuras de techos, ca\u00edda de postes y cortes en el suministro el\u00e9ctrico.<\/em><\/strong><\/p>\n\n\n\n<p class=\"wp-block-paragraph\">Seg\u00fan inform\u00f3 a los medios de comunicaci\u00f3n el intendente Ricardo Leiva, la situaci\u00f3n es preocupante y se\u00f1al\u00f3 que todav\u00eda no existe un relevamiento definitivo sobre la magnitud de los da\u00f1os. \u201cHemos tenido un tornado y tambi\u00e9n lluvias muy abundantes en pocos minutos, que tambi\u00e9n han provocado algunas inundaciones, pero principalmente lo que m\u00e1s ha da\u00f1ado fue el tornado\u201d, explic\u00f3 el jefe comunal.<\/p>\n\n\n\n<figure class=\"wp-block-image\"><img fetchpriority=\"high\" decoding=\"async\" width=\"866\" height=\"533\" src=\"https:\/\/fmloslapachos.com.ar\/wp\/wp-content\/uploads\/2026\/08\/image-26.png\" alt=\"\" class=\"wp-image-3855\" srcset=\"https:\/\/fmloslapachos.com.ar\/wp\/wp-content\/uploads\/2026\/08\/image-26.png 866w, https:\/\/fmloslapachos.com.ar\/wp\/wp-content\/uploads\/2026\/08\/image-26-300x185.png 300w, https:\/\/fmloslapachos.com.ar\/wp\/wp-content\/uploads\/2026\/08\/image-26-767x472.png 767w\" sizes=\"(max-width: 866px) 100vw, 866px\" \/><\/figure>\n\n\n\n<p class=\"wp-block-paragraph\">De acuerdo con el relevamiento preliminar realizado hasta el momento, tres familias fueron afectadas en el casco urbano, adem\u00e1s de algunos comercios. Sin embargo, el municipio todav\u00eda no cuenta con informaci\u00f3n sobre posibles damnificados en las colonias y parajes de la zona. El intendente explic\u00f3 que las cuadrillas municipales y los distintos organismos ya se encuentran trabajando, aunque todav\u00eda no pueden establecer con precisi\u00f3n las dimensiones del fen\u00f3meno.<\/p>\n\n\n\n<figure class=\"wp-block-image\"><img decoding=\"async\" width=\"867\" height=\"562\" src=\"https:\/\/fmloslapachos.com.ar\/wp\/wp-content\/uploads\/2026\/08\/image-27.png\" alt=\"\" class=\"wp-image-3856\" srcset=\"https:\/\/fmloslapachos.com.ar\/wp\/wp-content\/uploads\/2026\/08\/image-27.png 867w, https:\/\/fmloslapachos.com.ar\/wp\/wp-content\/uploads\/2026\/08\/image-27-300x194.png 300w, https:\/\/fmloslapachos.com.ar\/wp\/wp-content\/uploads\/2026\/08\/image-27-767x497.png 767w\" sizes=\"(max-width: 867px) 100vw, 867px\" \/><\/figure>\n\n\n\n<p class=\"wp-block-paragraph\">El impacto se concentr\u00f3 principalmente en sectores urbanos. Sobre la avenida San Mart\u00edn se registraron voladuras de techos de comercios, mientras que en la zona de avenida Rivadavia hubo ca\u00edda de postes telef\u00f3nicos. Tambi\u00e9n se reportaron postes del tendido el\u00e9ctrico derribados en inmediaciones del barrio Maracan\u00e1, en el sector de la terminal de \u00f3mnibus.<\/p>\n\n\n\n<p class=\"wp-block-paragraph\">Fotos gantileza Polic\u00eda de Misiones<\/p>\n","protected":false},"excerpt":{"rendered":"<p>El fen\u00f3meno se registr\u00f3 aproximadamente entre las 7:15 y las 7:30 y, en pocos minutos, gener\u00f3 voladuras de techos, ca\u00edda de postes y cortes en el suministro el\u00e9ctrico. Seg\u00fan inform\u00f3 a los medios de comunicaci\u00f3n el intendente Ricardo Leiva, la situaci\u00f3n es preocupante y se\u00f1al\u00f3 que todav\u00eda no existe un relevamiento definitivo sobre la magnitud [&hellip;]<\/p>\n","protected":false},"author":1,"featured_media":3857,"comment_status":"open","ping_status":"open","sticky":false,"template":"","format":"standard","meta":{"footnotes":""},"categories":[3],"tags":[],"class_list":["post-3850","post","type-post","status-publish","format-standard","has-post-thumbnail","hentry","category-provincial"],"amp_enabled":true,"_links":{"self":[{"href":"https:\/\/fmloslapachos.com.ar\/index.php?rest_route=\/wp\/v2\/posts\/3850","targetHints":{"allow":["GET"]}}],"collection":[{"href":"https:\/\/fmloslapachos.com.ar\/index.php?rest_route=\/wp\/v2\/posts"}],"about":[{"href":"https:\/\/fmloslapachos.com.ar\/index.php?rest_route=\/wp\/v2\/types\/post"}],"author":[{"embeddable":true,"href":"https:\/\/fmloslapachos.com.ar\/index.php?rest_route=\/wp\/v2\/users\/1"}],"replies":[{"embeddable":true,"href":"https:\/\/fmloslapachos.com.ar\/index.php?rest_route=%2Fwp%2Fv2%2Fcomments&post=3850"}],"version-history":[{"count":3,"href":"https:\/\/fmloslapachos.com.ar\/index.php?rest_route=\/wp\/v2\/posts\/3850\/revisions"}],"predecessor-version":[{"id":3862,"href":"https:\/\/fmloslapachos.com.ar\/index.php?rest_route=\/wp\/v2\/posts\/3850\/revisions\/3862"}],"wp:featuredmedia":[{"embeddable":true,"href":"https:\/\/fmloslapachos.com.ar\/index.php?rest_route=\/wp\/v2\/media\/3857"}],"wp:attachment":[{"href":"https:\/\/fmloslapachos.com.ar\/index.php?rest_route=%2Fwp%2Fv2%2Fmedia&parent=3850"}],"wp:term":[{"taxonomy":"category","embeddable":true,"href":"https:\/\/fmloslapachos.com.ar\/index.php?rest_route=%2Fwp%2Fv2%2Fcategories&post=3850"},{"taxonomy":"post_tag","embeddable":true,"href":"https:\/\/fmloslapachos.com.ar\/index.php?rest_route=%2Fwp%2Fv2%2Ftags&post=3850"}],"curies":[{"name":"wp","href":"https:\/\/api.w.org\/{rel}","templated":true}]}}