{"id":315,"date":"2025-02-11T13:31:26","date_gmt":"2025-02-11T13:31:26","guid":{"rendered":"https:\/\/fmloslapachos.com.ar\/wp\/?p=315"},"modified":"2025-02-11T13:31:34","modified_gmt":"2025-02-11T13:31:34","slug":"en-asamblea-ordinaria-la-biblioteca-popular-san-vicente-renovo-sus-autoridades-con-nuevos-objetivos-para-el-presente-ano","status":"publish","type":"post","link":"https:\/\/fmloslapachos.com.ar\/?p=315","title":{"rendered":"En asamblea ordinaria, la Biblioteca Popular San Vicente renov\u00f3 sus autoridades con nuevos objetivos para el presente a\u00f1o"},"content":{"rendered":"\n<p class=\"has-vivid-cyan-blue-color has-text-color has-link-color wp-elements-75fdfaf58e85df5521887d90020d2c6b\" style=\"font-size:25px\"><strong><em>En el conclave realizado en el edificio de la mencionada biblioteca, ubicada en calle Lola Mora de la capital de la madera, cumpliendo con el estatuto de la instituci\u00f3n.<\/em><\/strong><\/p>\n\n\n\n<figure class=\"wp-block-image\"><img fetchpriority=\"high\" decoding=\"async\" width=\"1024\" height=\"200\" src=\"https:\/\/fmloslapachos.com.ar\/wp\/wp-content\/uploads\/2025\/01\/COOPERATIVA-DE-PROVISION-DE-AGUA-POTABLE-DE-SAN-VICENTE-LIMITADA-1-1.jpg\" alt=\"\" class=\"wp-image-263\" srcset=\"https:\/\/fmloslapachos.com.ar\/wp\/wp-content\/uploads\/2025\/01\/COOPERATIVA-DE-PROVISION-DE-AGUA-POTABLE-DE-SAN-VICENTE-LIMITADA-1-1.jpg 1024w, https:\/\/fmloslapachos.com.ar\/wp\/wp-content\/uploads\/2025\/01\/COOPERATIVA-DE-PROVISION-DE-AGUA-POTABLE-DE-SAN-VICENTE-LIMITADA-1-1-300x59.jpg 300w, https:\/\/fmloslapachos.com.ar\/wp\/wp-content\/uploads\/2025\/01\/COOPERATIVA-DE-PROVISION-DE-AGUA-POTABLE-DE-SAN-VICENTE-LIMITADA-1-1-768x150.jpg 768w\" sizes=\"(max-width: 1024px) 100vw, 1024px\" \/><\/figure>\n\n\n\n<p>En el conclave realizado en el edificio de la mencionada biblioteca, ubicada en calle Lola Mora de la capital de la madera, cumpliendo con el estatuto de la instituci\u00f3n.<br>De esta manera la comisi\u00f3n directiva qued\u00f3 conformada por el profesor Diego Luj\u00e1n Sartori como presidente, Juana Letuan vicepresidente. La secretar\u00eda qued\u00f3 a cargo de Marcela Muchewicz, pro secretario Roberto Pedrozo, tesorera Norma Golema, pro tesorera Estela Olejnik. En tanto los vocales electos fueron Carolina Sartori, Rub\u00e9n Nolasco y Mercedes Melemberg.Por \u00faltimo, los revisores de cuenta son H\u00e9ctor Omar Ardnt y Leonela Letuan.<\/p>\n\n\n\n<figure class=\"wp-block-image\"><img decoding=\"async\" width=\"1024\" height=\"605\" src=\"https:\/\/fmloslapachos.com.ar\/wp\/wp-content\/uploads\/2025\/02\/image-11-1024x605.png\" alt=\"\" class=\"wp-image-316\" srcset=\"https:\/\/fmloslapachos.com.ar\/wp\/wp-content\/uploads\/2025\/02\/image-11-1024x605.png 1024w, https:\/\/fmloslapachos.com.ar\/wp\/wp-content\/uploads\/2025\/02\/image-11-300x177.png 300w, https:\/\/fmloslapachos.com.ar\/wp\/wp-content\/uploads\/2025\/02\/image-11-768x454.png 768w, https:\/\/fmloslapachos.com.ar\/wp\/wp-content\/uploads\/2025\/02\/image-11.png 1042w\" sizes=\"(max-width: 1024px) 100vw, 1024px\" \/><\/figure>\n\n\n\n<p><br>La nueva comisi\u00f3n avanz\u00f3 en la modificaci\u00f3n del estatuto para trabajar en lograr el reconocimiento de la Comisi\u00f3n Nacional Protectora de Bibliotecas Populares, CONABIP como tambi\u00e9n, se trabajar\u00e1 en la transformaci\u00f3n del espacio de la biblioteca, en un Centro Cultural, a trav\u00e9s del cual se fomentar\u00e1n talleres culturales y de oficios, seg\u00fan manifestaron miembros de la flamante comisi\u00f3n.<\/p>\n\n\n\n<figure class=\"wp-block-image\"><img decoding=\"async\" width=\"1024\" height=\"200\" src=\"https:\/\/fmloslapachos.com.ar\/wp\/wp-content\/uploads\/2025\/01\/PROX-BANDA-1.jpg\" alt=\"\" class=\"wp-image-264\" srcset=\"https:\/\/fmloslapachos.com.ar\/wp\/wp-content\/uploads\/2025\/01\/PROX-BANDA-1.jpg 1024w, https:\/\/fmloslapachos.com.ar\/wp\/wp-content\/uploads\/2025\/01\/PROX-BANDA-1-300x59.jpg 300w, https:\/\/fmloslapachos.com.ar\/wp\/wp-content\/uploads\/2025\/01\/PROX-BANDA-1-768x150.jpg 768w\" sizes=\"(max-width: 1024px) 100vw, 1024px\" \/><\/figure>\n\n\n\n<figure class=\"wp-block-image\"><img loading=\"lazy\" decoding=\"async\" width=\"1024\" height=\"361\" src=\"https:\/\/fmloslapachos.com.ar\/wp\/wp-content\/uploads\/2025\/02\/httpswww.google.comimgresimgurlhttps3A2F2Flookaside.fbsbx_.com2Flookaside2Fcrawler2Fmedia2F3Fmedia_id3D1843213719033685tbnidFj5OF6nuTQG9xMvet12ahUKEwjhxLvh37iEAxW_ErkGHQkmAVQQMygCegQI-1024x361.jpg\" alt=\"\" class=\"wp-image-283\" srcset=\"https:\/\/fmloslapachos.com.ar\/wp\/wp-content\/uploads\/2025\/02\/httpswww.google.comimgresimgurlhttps3A2F2Flookaside.fbsbx_.com2Flookaside2Fcrawler2Fmedia2F3Fmedia_id3D1843213719033685tbnidFj5OF6nuTQG9xMvet12ahUKEwjhxLvh37iEAxW_ErkGHQkmAVQQMygCegQI-1024x361.jpg 1024w, https:\/\/fmloslapachos.com.ar\/wp\/wp-content\/uploads\/2025\/02\/httpswww.google.comimgresimgurlhttps3A2F2Flookaside.fbsbx_.com2Flookaside2Fcrawler2Fmedia2F3Fmedia_id3D1843213719033685tbnidFj5OF6nuTQG9xMvet12ahUKEwjhxLvh37iEAxW_ErkGHQkmAVQQMygCegQI-300x106.jpg 300w, https:\/\/fmloslapachos.com.ar\/wp\/wp-content\/uploads\/2025\/02\/httpswww.google.comimgresimgurlhttps3A2F2Flookaside.fbsbx_.com2Flookaside2Fcrawler2Fmedia2F3Fmedia_id3D1843213719033685tbnidFj5OF6nuTQG9xMvet12ahUKEwjhxLvh37iEAxW_ErkGHQkmAVQQMygCegQI-768x271.jpg 768w, https:\/\/fmloslapachos.com.ar\/wp\/wp-content\/uploads\/2025\/02\/httpswww.google.comimgresimgurlhttps3A2F2Flookaside.fbsbx_.com2Flookaside2Fcrawler2Fmedia2F3Fmedia_id3D1843213719033685tbnidFj5OF6nuTQG9xMvet12ahUKEwjhxLvh37iEAxW_ErkGHQkmAVQQMygCegQI-1536x542.jpg 1536w, https:\/\/fmloslapachos.com.ar\/wp\/wp-content\/uploads\/2025\/02\/httpswww.google.comimgresimgurlhttps3A2F2Flookaside.fbsbx_.com2Flookaside2Fcrawler2Fmedia2F3Fmedia_id3D1843213719033685tbnidFj5OF6nuTQG9xMvet12ahUKEwjhxLvh37iEAxW_ErkGHQkmAVQQMygCegQI.jpg 1700w\" sizes=\"(max-width: 1024px) 100vw, 1024px\" \/><\/figure>\n\n\n\n<div class=\"wp-block-group\"><div class=\"wp-block-group__inner-container is-layout-constrained wp-block-group-is-layout-constrained\">\n<figure class=\"wp-block-image\"><img loading=\"lazy\" decoding=\"async\" width=\"1024\" height=\"1024\" src=\"https:\/\/fmloslapachos.com.ar\/wp\/wp-content\/uploads\/2025\/02\/Copia-de-Delegacion-San-Vicente-1024x1024.jpg\" alt=\"\" class=\"wp-image-317\" srcset=\"https:\/\/fmloslapachos.com.ar\/wp\/wp-content\/uploads\/2025\/02\/Copia-de-Delegacion-San-Vicente-1024x1024.jpg 1024w, https:\/\/fmloslapachos.com.ar\/wp\/wp-content\/uploads\/2025\/02\/Copia-de-Delegacion-San-Vicente-300x300.jpg 300w, https:\/\/fmloslapachos.com.ar\/wp\/wp-content\/uploads\/2025\/02\/Copia-de-Delegacion-San-Vicente-150x150.jpg 150w, https:\/\/fmloslapachos.com.ar\/wp\/wp-content\/uploads\/2025\/02\/Copia-de-Delegacion-San-Vicente-768x768.jpg 768w, https:\/\/fmloslapachos.com.ar\/wp\/wp-content\/uploads\/2025\/02\/Copia-de-Delegacion-San-Vicente.jpg 1080w\" sizes=\"(max-width: 1024px) 100vw, 1024px\" \/><\/figure>\n<\/div><\/div>\n","protected":false},"excerpt":{"rendered":"<p>En el conclave realizado en el edificio de la mencionada biblioteca, ubicada en calle Lola Mora de la capital de la madera, cumpliendo con el estatuto de la instituci\u00f3n. En el conclave realizado en el edificio de la mencionada biblioteca, ubicada en calle Lola Mora de la capital de la madera, cumpliendo con el estatuto [&hellip;]<\/p>\n","protected":false},"author":1,"featured_media":318,"comment_status":"open","ping_status":"open","sticky":false,"template":"","format":"standard","meta":{"footnotes":""},"categories":[4],"tags":[],"class_list":["post-315","post","type-post","status-publish","format-standard","has-post-thumbnail","hentry","category-san-vicente"],"amp_enabled":true,"_links":{"self":[{"href":"https:\/\/fmloslapachos.com.ar\/index.php?rest_route=\/wp\/v2\/posts\/315","targetHints":{"allow":["GET"]}}],"collection":[{"href":"https:\/\/fmloslapachos.com.ar\/index.php?rest_route=\/wp\/v2\/posts"}],"about":[{"href":"https:\/\/fmloslapachos.com.ar\/index.php?rest_route=\/wp\/v2\/types\/post"}],"author":[{"embeddable":true,"href":"https:\/\/fmloslapachos.com.ar\/index.php?rest_route=\/wp\/v2\/users\/1"}],"replies":[{"embeddable":true,"href":"https:\/\/fmloslapachos.com.ar\/index.php?rest_route=%2Fwp%2Fv2%2Fcomments&post=315"}],"version-history":[{"count":1,"href":"https:\/\/fmloslapachos.com.ar\/index.php?rest_route=\/wp\/v2\/posts\/315\/revisions"}],"predecessor-version":[{"id":319,"href":"https:\/\/fmloslapachos.com.ar\/index.php?rest_route=\/wp\/v2\/posts\/315\/revisions\/319"}],"wp:featuredmedia":[{"embeddable":true,"href":"https:\/\/fmloslapachos.com.ar\/index.php?rest_route=\/wp\/v2\/media\/318"}],"wp:attachment":[{"href":"https:\/\/fmloslapachos.com.ar\/index.php?rest_route=%2Fwp%2Fv2%2Fmedia&parent=315"}],"wp:term":[{"taxonomy":"category","embeddable":true,"href":"https:\/\/fmloslapachos.com.ar\/index.php?rest_route=%2Fwp%2Fv2%2Fcategories&post=315"},{"taxonomy":"post_tag","embeddable":true,"href":"https:\/\/fmloslapachos.com.ar\/index.php?rest_route=%2Fwp%2Fv2%2Ftags&post=315"}],"curies":[{"name":"wp","href":"https:\/\/api.w.org\/{rel}","templated":true}]}}