{"id":296,"date":"2025-02-11T11:45:12","date_gmt":"2025-02-11T11:45:12","guid":{"rendered":"https:\/\/fmloslapachos.com.ar\/wp\/?p=296"},"modified":"2025-02-11T11:45:24","modified_gmt":"2025-02-11T11:45:24","slug":"amba-el-fuerte-temporal-de-lluvia-y-vientos-dejo-a-mas-de-250-mil-hogares-sin-luz","status":"publish","type":"post","link":"https:\/\/fmloslapachos.com.ar\/?p=296","title":{"rendered":"AMBA: El fuerte temporal de lluvia y vientos dej\u00f3 a m\u00e1s de 250 mil hogares sin luz"},"content":{"rendered":"\n<p class=\"has-vivid-cyan-blue-color has-text-color has-link-color wp-elements-75f27432c4700bb4125e37f3b93fdc53\" style=\"font-size:25px\"><strong><em>El temporal de lluvia y viento que afect\u00f3 al \u00c1rea Metropolitana con r\u00e1fagas de m\u00e1s de 100 kil\u00f3metros por hora gener\u00f3 problemas en el suministro el\u00e9ctrico.<\/em><\/strong><\/p>\n\n\n\n<figure class=\"wp-block-image\"><img fetchpriority=\"high\" decoding=\"async\" width=\"1024\" height=\"200\" src=\"https:\/\/fmloslapachos.com.ar\/wp\/wp-content\/uploads\/2025\/01\/PROX-BANDA-1.jpg\" alt=\"\" class=\"wp-image-264\" srcset=\"https:\/\/fmloslapachos.com.ar\/wp\/wp-content\/uploads\/2025\/01\/PROX-BANDA-1.jpg 1024w, https:\/\/fmloslapachos.com.ar\/wp\/wp-content\/uploads\/2025\/01\/PROX-BANDA-1-300x59.jpg 300w, https:\/\/fmloslapachos.com.ar\/wp\/wp-content\/uploads\/2025\/01\/PROX-BANDA-1-768x150.jpg 768w\" sizes=\"(max-width: 1024px) 100vw, 1024px\" \/><\/figure>\n\n\n\n<p>Tal como hab\u00eda pronosticado el Servicio Meteorol\u00f3gico Nacional (SMN), durante la madrugada de este martes se desat\u00f3 una fuerte tormenta sobre el \u00c1rea Metropolitana de Buenos Aires (AMBA), la cual incluy\u00f3 lluvias severas y fuertes r\u00e1fagas de viento que provocaron la ca\u00edda de cables y \u00e1rboles -algunos troncos aplastaron autos estacionados-, voladura de techos y cortes masivos de luz, entre otras consecuencias.<\/p>\n\n\n\n<figure class=\"wp-block-image\"><img decoding=\"async\" width=\"885\" height=\"504\" src=\"https:\/\/fmloslapachos.com.ar\/wp\/wp-content\/uploads\/2025\/02\/image-7.png\" alt=\"\" class=\"wp-image-298\" srcset=\"https:\/\/fmloslapachos.com.ar\/wp\/wp-content\/uploads\/2025\/02\/image-7.png 885w, https:\/\/fmloslapachos.com.ar\/wp\/wp-content\/uploads\/2025\/02\/image-7-300x171.png 300w, https:\/\/fmloslapachos.com.ar\/wp\/wp-content\/uploads\/2025\/02\/image-7-768x437.png 768w\" sizes=\"(max-width: 885px) 100vw, 885px\" \/><\/figure>\n\n\n\n<p>Asimismo, varios ramales de los trenes metropolitanos sufren demoras y cancelaciones, mientras que algunos aviones que deb\u00edan aterrizar en el Aeroparque Jorge Newbery y el Aeropuerto Internacional de Ezeiza debieron ser desviados a otros aeropuertos cercanos. Ambas terminales se encuentran bajo alerta roja.<\/p>\n\n\n\n<figure class=\"wp-block-image\"><img decoding=\"async\" width=\"1024\" height=\"200\" src=\"https:\/\/fmloslapachos.com.ar\/wp\/wp-content\/uploads\/2025\/01\/COOPERATIVA-DE-PROVISION-DE-AGUA-POTABLE-DE-SAN-VICENTE-LIMITADA-1-1.jpg\" alt=\"\" class=\"wp-image-263\" srcset=\"https:\/\/fmloslapachos.com.ar\/wp\/wp-content\/uploads\/2025\/01\/COOPERATIVA-DE-PROVISION-DE-AGUA-POTABLE-DE-SAN-VICENTE-LIMITADA-1-1.jpg 1024w, https:\/\/fmloslapachos.com.ar\/wp\/wp-content\/uploads\/2025\/01\/COOPERATIVA-DE-PROVISION-DE-AGUA-POTABLE-DE-SAN-VICENTE-LIMITADA-1-1-300x59.jpg 300w, https:\/\/fmloslapachos.com.ar\/wp\/wp-content\/uploads\/2025\/01\/COOPERATIVA-DE-PROVISION-DE-AGUA-POTABLE-DE-SAN-VICENTE-LIMITADA-1-1-768x150.jpg 768w\" sizes=\"(max-width: 1024px) 100vw, 1024px\" \/><\/figure>\n\n\n\n<p>Desde bien temprano, usuarios de distintas redes sociales comenzaron a compartir im\u00e1genes de las consecuencias que dej\u00f3 el temporal. Entre ellas, se destaca la ca\u00edda de un \u00e1rbol sobre la avenida \u00c1lvarez Thomas, entre avenida Elcano y 14 de julio, en pleno barrio porte\u00f1o de Villa Ortuzar. A la vuelta, adem\u00e1s, se desprendi\u00f3 un cable del tendido el\u00e9ctrico.<\/p>\n\n\n\n<p>Producto del temporal, algunos aviones que deb\u00edan aterrizar en el Aeroparque Jorge Newbery y el Aeropuerto Internacional de Ezeiza tuvieron que ser desviados a otras terminales aeroportuarias.<\/p>\n\n\n\n<figure class=\"wp-block-image\"><img loading=\"lazy\" decoding=\"async\" width=\"846\" height=\"467\" src=\"https:\/\/fmloslapachos.com.ar\/wp\/wp-content\/uploads\/2025\/02\/image-6.png\" alt=\"\" class=\"wp-image-297\" srcset=\"https:\/\/fmloslapachos.com.ar\/wp\/wp-content\/uploads\/2025\/02\/image-6.png 846w, https:\/\/fmloslapachos.com.ar\/wp\/wp-content\/uploads\/2025\/02\/image-6-300x166.png 300w, https:\/\/fmloslapachos.com.ar\/wp\/wp-content\/uploads\/2025\/02\/image-6-768x424.png 768w\" sizes=\"(max-width: 846px) 100vw, 846px\" \/><\/figure>\n\n\n\n<p>Fuentes de AA2000 consultadas por Infobae precisaron que dos vuelos de Aerol\u00edneas Argentinas no pudieron aterrizar en el aeropuerto porte\u00f1o por la presencia de fuertes vientos, y fueron redireccionados a Montevideo (Uruguay) y Rosario. Por su parte, las condiciones meteorol\u00f3gicas adversas impidieron que un servicio de Lufthansa arribe a la terminal de Ezeiza, y por tal tuvo que cambiar su ruta hacia Asunci\u00f3n, Paraguay.<\/p>\n\n\n\n<p>Fuente: Infobae<\/p>\n\n\n\n<figure class=\"wp-block-image\"><img loading=\"lazy\" decoding=\"async\" width=\"1024\" height=\"361\" src=\"https:\/\/fmloslapachos.com.ar\/wp\/wp-content\/uploads\/2025\/02\/httpswww.google.comimgresimgurlhttps3A2F2Flookaside.fbsbx_.com2Flookaside2Fcrawler2Fmedia2F3Fmedia_id3D1843213719033685tbnidFj5OF6nuTQG9xMvet12ahUKEwjhxLvh37iEAxW_ErkGHQkmAVQQMygCegQI-1024x361.jpg\" alt=\"\" class=\"wp-image-283\" srcset=\"https:\/\/fmloslapachos.com.ar\/wp\/wp-content\/uploads\/2025\/02\/httpswww.google.comimgresimgurlhttps3A2F2Flookaside.fbsbx_.com2Flookaside2Fcrawler2Fmedia2F3Fmedia_id3D1843213719033685tbnidFj5OF6nuTQG9xMvet12ahUKEwjhxLvh37iEAxW_ErkGHQkmAVQQMygCegQI-1024x361.jpg 1024w, https:\/\/fmloslapachos.com.ar\/wp\/wp-content\/uploads\/2025\/02\/httpswww.google.comimgresimgurlhttps3A2F2Flookaside.fbsbx_.com2Flookaside2Fcrawler2Fmedia2F3Fmedia_id3D1843213719033685tbnidFj5OF6nuTQG9xMvet12ahUKEwjhxLvh37iEAxW_ErkGHQkmAVQQMygCegQI-300x106.jpg 300w, https:\/\/fmloslapachos.com.ar\/wp\/wp-content\/uploads\/2025\/02\/httpswww.google.comimgresimgurlhttps3A2F2Flookaside.fbsbx_.com2Flookaside2Fcrawler2Fmedia2F3Fmedia_id3D1843213719033685tbnidFj5OF6nuTQG9xMvet12ahUKEwjhxLvh37iEAxW_ErkGHQkmAVQQMygCegQI-768x271.jpg 768w, https:\/\/fmloslapachos.com.ar\/wp\/wp-content\/uploads\/2025\/02\/httpswww.google.comimgresimgurlhttps3A2F2Flookaside.fbsbx_.com2Flookaside2Fcrawler2Fmedia2F3Fmedia_id3D1843213719033685tbnidFj5OF6nuTQG9xMvet12ahUKEwjhxLvh37iEAxW_ErkGHQkmAVQQMygCegQI-1536x542.jpg 1536w, https:\/\/fmloslapachos.com.ar\/wp\/wp-content\/uploads\/2025\/02\/httpswww.google.comimgresimgurlhttps3A2F2Flookaside.fbsbx_.com2Flookaside2Fcrawler2Fmedia2F3Fmedia_id3D1843213719033685tbnidFj5OF6nuTQG9xMvet12ahUKEwjhxLvh37iEAxW_ErkGHQkmAVQQMygCegQI.jpg 1700w\" sizes=\"(max-width: 1024px) 100vw, 1024px\" \/><\/figure>\n\n\n\n<p><\/p>\n","protected":false},"excerpt":{"rendered":"<p>El temporal de lluvia y viento que afect\u00f3 al \u00c1rea Metropolitana con r\u00e1fagas de m\u00e1s de 100 kil\u00f3metros por hora gener\u00f3 problemas en el suministro el\u00e9ctrico. Tal como hab\u00eda pronosticado el Servicio Meteorol\u00f3gico Nacional (SMN), durante la madrugada de este martes se desat\u00f3 una fuerte tormenta sobre el \u00c1rea Metropolitana de Buenos Aires (AMBA), la [&hellip;]<\/p>\n","protected":false},"author":1,"featured_media":299,"comment_status":"open","ping_status":"open","sticky":false,"template":"","format":"standard","meta":{"footnotes":""},"categories":[5],"tags":[],"class_list":["post-296","post","type-post","status-publish","format-standard","has-post-thumbnail","hentry","category-nacional"],"amp_enabled":true,"_links":{"self":[{"href":"https:\/\/fmloslapachos.com.ar\/index.php?rest_route=\/wp\/v2\/posts\/296","targetHints":{"allow":["GET"]}}],"collection":[{"href":"https:\/\/fmloslapachos.com.ar\/index.php?rest_route=\/wp\/v2\/posts"}],"about":[{"href":"https:\/\/fmloslapachos.com.ar\/index.php?rest_route=\/wp\/v2\/types\/post"}],"author":[{"embeddable":true,"href":"https:\/\/fmloslapachos.com.ar\/index.php?rest_route=\/wp\/v2\/users\/1"}],"replies":[{"embeddable":true,"href":"https:\/\/fmloslapachos.com.ar\/index.php?rest_route=%2Fwp%2Fv2%2Fcomments&post=296"}],"version-history":[{"count":1,"href":"https:\/\/fmloslapachos.com.ar\/index.php?rest_route=\/wp\/v2\/posts\/296\/revisions"}],"predecessor-version":[{"id":300,"href":"https:\/\/fmloslapachos.com.ar\/index.php?rest_route=\/wp\/v2\/posts\/296\/revisions\/300"}],"wp:featuredmedia":[{"embeddable":true,"href":"https:\/\/fmloslapachos.com.ar\/index.php?rest_route=\/wp\/v2\/media\/299"}],"wp:attachment":[{"href":"https:\/\/fmloslapachos.com.ar\/index.php?rest_route=%2Fwp%2Fv2%2Fmedia&parent=296"}],"wp:term":[{"taxonomy":"category","embeddable":true,"href":"https:\/\/fmloslapachos.com.ar\/index.php?rest_route=%2Fwp%2Fv2%2Fcategories&post=296"},{"taxonomy":"post_tag","embeddable":true,"href":"https:\/\/fmloslapachos.com.ar\/index.php?rest_route=%2Fwp%2Fv2%2Ftags&post=296"}],"curies":[{"name":"wp","href":"https:\/\/api.w.org\/{rel}","templated":true}]}}