{"id":276,"date":"2025-02-10T02:09:06","date_gmt":"2025-02-10T02:09:06","guid":{"rendered":"https:\/\/fmloslapachos.com.ar\/wp\/?p=276"},"modified":"2025-02-10T02:09:12","modified_gmt":"2025-02-10T02:09:12","slug":"exitoso-cierre-del-ciclo-2025-de-musica-urbana","status":"publish","type":"post","link":"https:\/\/fmloslapachos.com.ar\/?p=276","title":{"rendered":"Exitoso cierre del ciclo 2025 de \u201cM\u00fasica Urbana\u201d"},"content":{"rendered":"\n<p class=\"has-vivid-cyan-blue-color has-text-color has-link-color wp-elements-e35cafe6602ba36d7cfc92715bac38ba\" style=\"font-size:25px\"><em><strong>Este domingo fue la \u00faltima noche del exitoso programa de vacaciones que convoca a la comunidad a pasar un momento agradable disfrutando de la buena m\u00fasica en vivo<\/strong><\/em><\/p>\n\n\n\n<p>Con un marco de p\u00fablico importante, en la noche del \u00faltimo domingo, se realiz\u00f3 el cierre del ciclo del popular programa \u201cM\u00fasica Urbana\u201d, que ya lleva m\u00e1s de 13 a\u00f1os de existencia, como parte de la propuesta para las vacaciones, organizada por la Municipalidad de San Vicente, a trav\u00e9s de la Secretar\u00eda de Cultura e Integraci\u00f3n Ciudadana.<\/p>\n\n\n\n<figure class=\"wp-block-image\"><img fetchpriority=\"high\" decoding=\"async\" width=\"1024\" height=\"200\" src=\"https:\/\/fmloslapachos.com.ar\/wp\/wp-content\/uploads\/2025\/01\/PROX-BANDA-1.jpg\" alt=\"\" class=\"wp-image-264\" srcset=\"https:\/\/fmloslapachos.com.ar\/wp\/wp-content\/uploads\/2025\/01\/PROX-BANDA-1.jpg 1024w, https:\/\/fmloslapachos.com.ar\/wp\/wp-content\/uploads\/2025\/01\/PROX-BANDA-1-300x59.jpg 300w, https:\/\/fmloslapachos.com.ar\/wp\/wp-content\/uploads\/2025\/01\/PROX-BANDA-1-768x150.jpg 768w\" sizes=\"(max-width: 1024px) 100vw, 1024px\" \/><\/figure>\n\n\n\n<figure class=\"wp-block-image\"><img decoding=\"async\" width=\"1024\" height=\"771\" src=\"https:\/\/fmloslapachos.com.ar\/wp\/wp-content\/uploads\/2025\/02\/image-1024x771.png\" alt=\"\" class=\"wp-image-277\" srcset=\"https:\/\/fmloslapachos.com.ar\/wp\/wp-content\/uploads\/2025\/02\/image-1024x771.png 1024w, https:\/\/fmloslapachos.com.ar\/wp\/wp-content\/uploads\/2025\/02\/image-300x226.png 300w, https:\/\/fmloslapachos.com.ar\/wp\/wp-content\/uploads\/2025\/02\/image-768x578.png 768w, https:\/\/fmloslapachos.com.ar\/wp\/wp-content\/uploads\/2025\/02\/image.png 1221w\" sizes=\"(max-width: 1024px) 100vw, 1024px\" \/><\/figure>\n\n\n\n<p>De esta manera, durante las tres jornadas que tuvo la propuesta, artistas misioneros como Julio Da Rosa, Tche Gaitero, Osun\u00fa, Pablo y su Grupo, Los Progresistas, compartieron escenario en las dos primeras noches, mientras que el cierre estuvo a cargo de Luciano y su Grupo, Fusi\u00f3n Sonora y grupo D\u00e9cadas.<\/p>\n\n\n\n<p>Miguel Lima, secretario de cultura e integraci\u00f3n ciudadana, coment\u00f3 que, \u201cEs un evento popular, conocido en la provincia\u201d, destacando en el mismo sentido que, \u201chay que agradecer a la gente que viene, creo que es muy exitosa toda a participaci\u00f3n, tambi\u00e9n de los grupos le marcan a San Vicente como un sendero en lo cultural y lo m\u00e1s lindo es que la gente viene con su silleta, mate, en familia y comparte con los vecinos\u201d, manifest\u00f3.<\/p>\n\n\n\n<figure class=\"wp-block-image\"><img decoding=\"async\" width=\"1024\" height=\"200\" src=\"https:\/\/fmloslapachos.com.ar\/wp\/wp-content\/uploads\/2025\/01\/COOPERATIVA-DE-PROVISION-DE-AGUA-POTABLE-DE-SAN-VICENTE-LIMITADA-1-1.jpg\" alt=\"\" class=\"wp-image-263\" srcset=\"https:\/\/fmloslapachos.com.ar\/wp\/wp-content\/uploads\/2025\/01\/COOPERATIVA-DE-PROVISION-DE-AGUA-POTABLE-DE-SAN-VICENTE-LIMITADA-1-1.jpg 1024w, https:\/\/fmloslapachos.com.ar\/wp\/wp-content\/uploads\/2025\/01\/COOPERATIVA-DE-PROVISION-DE-AGUA-POTABLE-DE-SAN-VICENTE-LIMITADA-1-1-300x59.jpg 300w, https:\/\/fmloslapachos.com.ar\/wp\/wp-content\/uploads\/2025\/01\/COOPERATIVA-DE-PROVISION-DE-AGUA-POTABLE-DE-SAN-VICENTE-LIMITADA-1-1-768x150.jpg 768w\" sizes=\"(max-width: 1024px) 100vw, 1024px\" \/><\/figure>\n\n\n\n<figure class=\"wp-block-image\"><img loading=\"lazy\" decoding=\"async\" width=\"1024\" height=\"771\" src=\"https:\/\/fmloslapachos.com.ar\/wp\/wp-content\/uploads\/2025\/02\/image-2-1024x771.png\" alt=\"\" class=\"wp-image-279\" srcset=\"https:\/\/fmloslapachos.com.ar\/wp\/wp-content\/uploads\/2025\/02\/image-2-1024x771.png 1024w, https:\/\/fmloslapachos.com.ar\/wp\/wp-content\/uploads\/2025\/02\/image-2-300x226.png 300w, https:\/\/fmloslapachos.com.ar\/wp\/wp-content\/uploads\/2025\/02\/image-2-768x578.png 768w, https:\/\/fmloslapachos.com.ar\/wp\/wp-content\/uploads\/2025\/02\/image-2.png 1221w\" sizes=\"(max-width: 1024px) 100vw, 1024px\" \/><\/figure>\n\n\n\n<p>Lima tambi\u00e9n se\u00f1al\u00f3 la importancia del impacto social que genera esta actividad de vacaciones, \u201cvemos a los vecinos contentos y eso nos alegra y define que est\u00e1 ba\u00f1ada de \u00e9xito toda la tarea de m\u00fasica Urbana\u201d, coment\u00f3, mencionando que existen solicitudes de artistas de toda la provincia que quieren participar con diferentes actividades, a lo que coment\u00f3, \u201cno queremos sacarle el formato que tiene M\u00fasica Urbana, que fue creada para divertir a la gente y trataremos de mantener el estilo y si podemos vamos a ir acoplando otras actividades, sin perder el resultado que es alegrar a mucha gente de nuestra regi\u00f3n\u201d, puntualiz\u00f3.<\/p>\n\n\n\n<figure class=\"wp-block-image\"><img loading=\"lazy\" decoding=\"async\" width=\"1020\" height=\"674\" src=\"https:\/\/fmloslapachos.com.ar\/wp\/wp-content\/uploads\/2025\/02\/image-3.png\" alt=\"\" class=\"wp-image-280\" srcset=\"https:\/\/fmloslapachos.com.ar\/wp\/wp-content\/uploads\/2025\/02\/image-3.png 1020w, https:\/\/fmloslapachos.com.ar\/wp\/wp-content\/uploads\/2025\/02\/image-3-300x198.png 300w, https:\/\/fmloslapachos.com.ar\/wp\/wp-content\/uploads\/2025\/02\/image-3-768x507.png 768w\" sizes=\"(max-width: 1020px) 100vw, 1020px\" \/><\/figure>\n\n\n\n<p>La propuesta de los fines de semana tambi\u00e9n cont\u00f3 con la participaci\u00f3n de emprendedores locales en diversos rubros y tambi\u00e9n comidas r\u00e1pidas, que le dieron el marco a una noche ideal con un clima agradable, lo que permiti\u00f3 la gran presencia de p\u00fablico de todos los rincones de la ciudad que disfrutaron y bailaron al ritmo de artistas de primer nivel.<\/p>\n\n\n\n<figure class=\"wp-block-image\"><img loading=\"lazy\" decoding=\"async\" width=\"1024\" height=\"361\" src=\"https:\/\/fmloslapachos.com.ar\/wp\/wp-content\/uploads\/2025\/01\/httpswww.google.comimgresimgurlhttps3A2F2Flookaside.fbsbx_.com2Flookaside2Fcrawler2Fmedia2F3Fmedia_id3D1843213719033685tbnidFj5OF6nuTQG9xMvet12ahUKEwjhxLvh37iEAxW_ErkGHQkmAVQQMygCegQI-2-1024x361.png\" alt=\"\" class=\"wp-image-267\" srcset=\"https:\/\/fmloslapachos.com.ar\/wp\/wp-content\/uploads\/2025\/01\/httpswww.google.comimgresimgurlhttps3A2F2Flookaside.fbsbx_.com2Flookaside2Fcrawler2Fmedia2F3Fmedia_id3D1843213719033685tbnidFj5OF6nuTQG9xMvet12ahUKEwjhxLvh37iEAxW_ErkGHQkmAVQQMygCegQI-2-1024x361.png 1024w, https:\/\/fmloslapachos.com.ar\/wp\/wp-content\/uploads\/2025\/01\/httpswww.google.comimgresimgurlhttps3A2F2Flookaside.fbsbx_.com2Flookaside2Fcrawler2Fmedia2F3Fmedia_id3D1843213719033685tbnidFj5OF6nuTQG9xMvet12ahUKEwjhxLvh37iEAxW_ErkGHQkmAVQQMygCegQI-2-300x106.png 300w, https:\/\/fmloslapachos.com.ar\/wp\/wp-content\/uploads\/2025\/01\/httpswww.google.comimgresimgurlhttps3A2F2Flookaside.fbsbx_.com2Flookaside2Fcrawler2Fmedia2F3Fmedia_id3D1843213719033685tbnidFj5OF6nuTQG9xMvet12ahUKEwjhxLvh37iEAxW_ErkGHQkmAVQQMygCegQI-2-768x271.png 768w, https:\/\/fmloslapachos.com.ar\/wp\/wp-content\/uploads\/2025\/01\/httpswww.google.comimgresimgurlhttps3A2F2Flookaside.fbsbx_.com2Flookaside2Fcrawler2Fmedia2F3Fmedia_id3D1843213719033685tbnidFj5OF6nuTQG9xMvet12ahUKEwjhxLvh37iEAxW_ErkGHQkmAVQQMygCegQI-2-1536x542.png 1536w, https:\/\/fmloslapachos.com.ar\/wp\/wp-content\/uploads\/2025\/01\/httpswww.google.comimgresimgurlhttps3A2F2Flookaside.fbsbx_.com2Flookaside2Fcrawler2Fmedia2F3Fmedia_id3D1843213719033685tbnidFj5OF6nuTQG9xMvet12ahUKEwjhxLvh37iEAxW_ErkGHQkmAVQQMygCegQI-2.png 1700w\" sizes=\"(max-width: 1024px) 100vw, 1024px\" \/><\/figure>\n\n\n\n<p><\/p>\n","protected":false},"excerpt":{"rendered":"<p>Este domingo fue la \u00faltima noche del exitoso programa de vacaciones que convoca a la comunidad a pasar un momento agradable disfrutando de la buena m\u00fasica en vivo Con un marco de p\u00fablico importante, en la noche del \u00faltimo domingo, se realiz\u00f3 el cierre del ciclo del popular programa \u201cM\u00fasica Urbana\u201d, que ya lleva m\u00e1s [&hellip;]<\/p>\n","protected":false},"author":1,"featured_media":281,"comment_status":"open","ping_status":"open","sticky":false,"template":"","format":"standard","meta":{"footnotes":""},"categories":[4],"tags":[],"class_list":["post-276","post","type-post","status-publish","format-standard","has-post-thumbnail","hentry","category-san-vicente"],"amp_enabled":true,"_links":{"self":[{"href":"https:\/\/fmloslapachos.com.ar\/index.php?rest_route=\/wp\/v2\/posts\/276","targetHints":{"allow":["GET"]}}],"collection":[{"href":"https:\/\/fmloslapachos.com.ar\/index.php?rest_route=\/wp\/v2\/posts"}],"about":[{"href":"https:\/\/fmloslapachos.com.ar\/index.php?rest_route=\/wp\/v2\/types\/post"}],"author":[{"embeddable":true,"href":"https:\/\/fmloslapachos.com.ar\/index.php?rest_route=\/wp\/v2\/users\/1"}],"replies":[{"embeddable":true,"href":"https:\/\/fmloslapachos.com.ar\/index.php?rest_route=%2Fwp%2Fv2%2Fcomments&post=276"}],"version-history":[{"count":2,"href":"https:\/\/fmloslapachos.com.ar\/index.php?rest_route=\/wp\/v2\/posts\/276\/revisions"}],"predecessor-version":[{"id":284,"href":"https:\/\/fmloslapachos.com.ar\/index.php?rest_route=\/wp\/v2\/posts\/276\/revisions\/284"}],"wp:featuredmedia":[{"embeddable":true,"href":"https:\/\/fmloslapachos.com.ar\/index.php?rest_route=\/wp\/v2\/media\/281"}],"wp:attachment":[{"href":"https:\/\/fmloslapachos.com.ar\/index.php?rest_route=%2Fwp%2Fv2%2Fmedia&parent=276"}],"wp:term":[{"taxonomy":"category","embeddable":true,"href":"https:\/\/fmloslapachos.com.ar\/index.php?rest_route=%2Fwp%2Fv2%2Fcategories&post=276"},{"taxonomy":"post_tag","embeddable":true,"href":"https:\/\/fmloslapachos.com.ar\/index.php?rest_route=%2Fwp%2Fv2%2Ftags&post=276"}],"curies":[{"name":"wp","href":"https:\/\/api.w.org\/{rel}","templated":true}]}}