{"id":2707,"date":"2026-04-30T11:14:52","date_gmt":"2026-04-30T14:14:52","guid":{"rendered":"https:\/\/fmloslapachos.com.ar\/?p=2707"},"modified":"2026-04-30T11:14:54","modified_gmt":"2026-04-30T14:14:54","slug":"joaquin-montenegro-secretario-de-coordinacion-de-gabinete-de-misiones","status":"publish","type":"post","link":"https:\/\/fmloslapachos.com.ar\/?p=2707","title":{"rendered":"Joaqu\u00edn Montenegro, Secretario de Coordinaci\u00f3n de Gabinete de Misiones"},"content":{"rendered":"\n<p class=\"has-vivid-cyan-blue-color has-text-color has-link-color wp-elements-fcde7da7317bef812285eec38378e8dd\" style=\"font-size:25px\"><strong><em>En una charla con el programa &#8220;Agenda 360&#8221;, el funcionario provincial destac\u00f3 el trabajo que se viene haciendo en los tiempos dif\u00edcilies, en cercan\u00eda con la gente<\/em><\/strong><\/p>\n\n\n\n<figure class=\"wp-block-audio\"><audio controls src=\"https:\/\/fmloslapachos.com.ar\/wp\/wp-content\/uploads\/2026\/04\/ENTREVISTA-JOAQUIN-MONTENEGRO.mp3\"><\/audio><\/figure>\n\n\n\n<p><\/p>\n","protected":false},"excerpt":{"rendered":"<p>En una charla con el programa &#8220;Agenda 360&#8221;, el funcionario provincial destac\u00f3 el trabajo que se viene haciendo en los tiempos dif\u00edcilies, en cercan\u00eda con la gente<\/p>\n","protected":false},"author":1,"featured_media":2711,"comment_status":"open","ping_status":"open","sticky":false,"template":"","format":"standard","meta":{"footnotes":""},"categories":[44],"tags":[],"class_list":["post-2707","post","type-post","status-publish","format-standard","has-post-thumbnail","hentry","category-entrevistas"],"amp_enabled":true,"_links":{"self":[{"href":"https:\/\/fmloslapachos.com.ar\/index.php?rest_route=\/wp\/v2\/posts\/2707","targetHints":{"allow":["GET"]}}],"collection":[{"href":"https:\/\/fmloslapachos.com.ar\/index.php?rest_route=\/wp\/v2\/posts"}],"about":[{"href":"https:\/\/fmloslapachos.com.ar\/index.php?rest_route=\/wp\/v2\/types\/post"}],"author":[{"embeddable":true,"href":"https:\/\/fmloslapachos.com.ar\/index.php?rest_route=\/wp\/v2\/users\/1"}],"replies":[{"embeddable":true,"href":"https:\/\/fmloslapachos.com.ar\/index.php?rest_route=%2Fwp%2Fv2%2Fcomments&post=2707"}],"version-history":[{"count":1,"href":"https:\/\/fmloslapachos.com.ar\/index.php?rest_route=\/wp\/v2\/posts\/2707\/revisions"}],"predecessor-version":[{"id":2712,"href":"https:\/\/fmloslapachos.com.ar\/index.php?rest_route=\/wp\/v2\/posts\/2707\/revisions\/2712"}],"wp:featuredmedia":[{"embeddable":true,"href":"https:\/\/fmloslapachos.com.ar\/index.php?rest_route=\/wp\/v2\/media\/2711"}],"wp:attachment":[{"href":"https:\/\/fmloslapachos.com.ar\/index.php?rest_route=%2Fwp%2Fv2%2Fmedia&parent=2707"}],"wp:term":[{"taxonomy":"category","embeddable":true,"href":"https:\/\/fmloslapachos.com.ar\/index.php?rest_route=%2Fwp%2Fv2%2Fcategories&post=2707"},{"taxonomy":"post_tag","embeddable":true,"href":"https:\/\/fmloslapachos.com.ar\/index.php?rest_route=%2Fwp%2Fv2%2Ftags&post=2707"}],"curies":[{"name":"wp","href":"https:\/\/api.w.org\/{rel}","templated":true}]}}