{"id":2677,"date":"2026-04-29T21:40:54","date_gmt":"2026-04-30T00:40:54","guid":{"rendered":"https:\/\/fmloslapachos.com.ar\/?p=2677"},"modified":"2026-04-29T21:48:35","modified_gmt":"2026-04-30T00:48:35","slug":"javier-diedrich-se-viene-el-4-encuentro-internacional-de-autos-clasicos","status":"publish","type":"post","link":"https:\/\/fmloslapachos.com.ar\/?p=2677","title":{"rendered":"Javier Diedrich, se viene el 4\u00b0 Encuentro Internacional de Autos Cl\u00e1sicos"},"content":{"rendered":"\n<p class=\"has-vivid-cyan-blue-color has-text-color has-link-color wp-elements-f4b6bf1df9fe1d4cfa8af51b1cc4c0fb\" style=\"font-size:25px\"><strong><em>Este fin de semana XL, San Vicente ser\u00e1 sede de un gran evento que tiene cada vez m\u00e1s adeptos. La cita ser\u00e1 en el predio del Automotokart de la capital de la madera<\/em><\/strong><\/p>\n\n\n\n<figure class=\"wp-block-audio\"><audio controls src=\"https:\/\/fmloslapachos.com.ar\/wp\/wp-content\/uploads\/2026\/04\/NOTA-FEDERICO-DIEDRICH-AUTOS-CLASICOS.mp3\"><\/audio><\/figure>\n\n\n\n<figure class=\"wp-block-image\"><img fetchpriority=\"high\" decoding=\"async\" width=\"576\" height=\"1024\" src=\"https:\/\/fmloslapachos.com.ar\/wp\/wp-content\/uploads\/2026\/04\/WhatsApp-Image-2026-04-28-at-10.32.21-576x1024.jpeg\" alt=\"\" class=\"wp-image-2682\" srcset=\"https:\/\/fmloslapachos.com.ar\/wp\/wp-content\/uploads\/2026\/04\/WhatsApp-Image-2026-04-28-at-10.32.21-576x1024.jpeg 576w, https:\/\/fmloslapachos.com.ar\/wp\/wp-content\/uploads\/2026\/04\/WhatsApp-Image-2026-04-28-at-10.32.21-169x300.jpeg 169w, https:\/\/fmloslapachos.com.ar\/wp\/wp-content\/uploads\/2026\/04\/WhatsApp-Image-2026-04-28-at-10.32.21-768x1365.jpeg 768w, https:\/\/fmloslapachos.com.ar\/wp\/wp-content\/uploads\/2026\/04\/WhatsApp-Image-2026-04-28-at-10.32.21-864x1536.jpeg 864w, https:\/\/fmloslapachos.com.ar\/wp\/wp-content\/uploads\/2026\/04\/WhatsApp-Image-2026-04-28-at-10.32.21.jpeg 900w\" sizes=\"(max-width: 576px) 100vw, 576px\" \/><\/figure>\n","protected":false},"excerpt":{"rendered":"<p>Este fin de semana XL, San Vicente ser\u00e1 sede de un gran evento que tiene cada vez m\u00e1s adeptos. La cita ser\u00e1 en el predio del Automotokart de la capital de la madera<\/p>\n","protected":false},"author":1,"featured_media":2689,"comment_status":"open","ping_status":"open","sticky":false,"template":"","format":"standard","meta":{"footnotes":""},"categories":[44],"tags":[],"class_list":["post-2677","post","type-post","status-publish","format-standard","has-post-thumbnail","hentry","category-entrevistas"],"amp_enabled":true,"_links":{"self":[{"href":"https:\/\/fmloslapachos.com.ar\/index.php?rest_route=\/wp\/v2\/posts\/2677","targetHints":{"allow":["GET"]}}],"collection":[{"href":"https:\/\/fmloslapachos.com.ar\/index.php?rest_route=\/wp\/v2\/posts"}],"about":[{"href":"https:\/\/fmloslapachos.com.ar\/index.php?rest_route=\/wp\/v2\/types\/post"}],"author":[{"embeddable":true,"href":"https:\/\/fmloslapachos.com.ar\/index.php?rest_route=\/wp\/v2\/users\/1"}],"replies":[{"embeddable":true,"href":"https:\/\/fmloslapachos.com.ar\/index.php?rest_route=%2Fwp%2Fv2%2Fcomments&post=2677"}],"version-history":[{"count":1,"href":"https:\/\/fmloslapachos.com.ar\/index.php?rest_route=\/wp\/v2\/posts\/2677\/revisions"}],"predecessor-version":[{"id":2684,"href":"https:\/\/fmloslapachos.com.ar\/index.php?rest_route=\/wp\/v2\/posts\/2677\/revisions\/2684"}],"wp:featuredmedia":[{"embeddable":true,"href":"https:\/\/fmloslapachos.com.ar\/index.php?rest_route=\/wp\/v2\/media\/2689"}],"wp:attachment":[{"href":"https:\/\/fmloslapachos.com.ar\/index.php?rest_route=%2Fwp%2Fv2%2Fmedia&parent=2677"}],"wp:term":[{"taxonomy":"category","embeddable":true,"href":"https:\/\/fmloslapachos.com.ar\/index.php?rest_route=%2Fwp%2Fv2%2Fcategories&post=2677"},{"taxonomy":"post_tag","embeddable":true,"href":"https:\/\/fmloslapachos.com.ar\/index.php?rest_route=%2Fwp%2Fv2%2Ftags&post=2677"}],"curies":[{"name":"wp","href":"https:\/\/api.w.org\/{rel}","templated":true}]}}