{"id":2655,"date":"2026-04-26T22:29:10","date_gmt":"2026-04-27T01:29:10","guid":{"rendered":"https:\/\/fmloslapachos.com.ar\/?p=2655"},"modified":"2026-04-26T22:29:12","modified_gmt":"2026-04-27T01:29:12","slug":"comerciantes-de-neuquen-tucuman-y-san-juan-advierten-sobre-el-cierre-de-negocios","status":"publish","type":"post","link":"https:\/\/fmloslapachos.com.ar\/?p=2655","title":{"rendered":"Comerciantes de Neuqu\u00e9n, Tucum\u00e1n y San Juan advierten sobre el cierre de negocios"},"content":{"rendered":"\n<p class=\"has-vivid-cyan-blue-color has-text-color has-link-color wp-elements-bd18e55cb307c562fb66e6262c0cfa96\" style=\"font-size:25px\"><strong><em>Seg\u00fan los \u00faltimos datos oficiales del INDEC, las ventas en supermercados cayeron 3,1% interanual en febrero, mientras que en centros comerciales la baja fue de 2,1%.<\/em><\/strong><\/p>\n\n\n\n<p>La ca\u00edda del consumo masivo volvi\u00f3 a encender se\u00f1ales de alerta en distintas provincias del pa\u00eds, luego de que el INDEC confirmara en febrero una baja en las ventas de supermercados, centros comerciales y autoservicios mayoristas. A esto se sum\u00f3 el diagn\u00f3stico de la consultora Nielsen, que vincul\u00f3 directamente el retroceso del consumo con el aumento de tarifas y la p\u00e9rdida de poder adquisitivo.<\/p>\n\n\n\n<p>Seg\u00fan los \u00faltimos datos oficiales del INDEC, las ventas en supermercados cayeron 3,1% interanual en febrero, mientras que en centros comerciales la baja fue de 2,1% y en autoservicios mayoristas de 1,2% frente al mismo mes de 2025. El informe tambi\u00e9n mostr\u00f3 fuertes diferencias entre provincias, con Misiones encabezando la ca\u00edda con -13,9%, seguida por Tucum\u00e1n con -13,2% y Corrientes con -12%.<\/p>\n\n\n\n<figure class=\"wp-block-image\"><img fetchpriority=\"high\" decoding=\"async\" width=\"1024\" height=\"437\" src=\"https:\/\/fmloslapachos.com.ar\/wp\/wp-content\/uploads\/2026\/04\/image-17-1024x437.png\" alt=\"\" class=\"wp-image-2658\" srcset=\"https:\/\/fmloslapachos.com.ar\/wp\/wp-content\/uploads\/2026\/04\/image-17-1024x437.png 1024w, https:\/\/fmloslapachos.com.ar\/wp\/wp-content\/uploads\/2026\/04\/image-17-300x128.png 300w, https:\/\/fmloslapachos.com.ar\/wp\/wp-content\/uploads\/2026\/04\/image-17-768x328.png 768w, https:\/\/fmloslapachos.com.ar\/wp\/wp-content\/uploads\/2026\/04\/image-17.png 1031w\" sizes=\"(max-width: 1024px) 100vw, 1024px\" \/><\/figure>\n\n\n\n<p>En Tucum\u00e1n, la presidenta de la C\u00e1mara de Comercio, Gabriela Coronel, sostuvo que la presi\u00f3n fiscal, el contrabando y la informalidad agravan a\u00fan m\u00e1s la ca\u00edda de ventas. Indic\u00f3 que muchos comercios no logran sostener costos b\u00e1sicos como electricidad y alquileres, y remarc\u00f3 que \u201ccada vez los comerciantes se est\u00e1n endeudando m\u00e1s\u201d.<\/p>\n\n\n\n<p>Seg\u00fan estimaciones del sector, entre enero y marzo cerraron unos 250 comercios minoristas en San Miguel de Tucum\u00e1n, de los cuales casi el 70% lo hizo de forma definitiva. Los rubros m\u00e1s afectados fueron indumentaria, carnicer\u00edas y venta de accesorios para celulares.<\/p>\n\n\n\n<figure class=\"wp-block-image\"><img decoding=\"async\" width=\"1024\" height=\"680\" src=\"https:\/\/fmloslapachos.com.ar\/wp\/wp-content\/uploads\/2026\/04\/image-18.png\" alt=\"\" class=\"wp-image-2659\" srcset=\"https:\/\/fmloslapachos.com.ar\/wp\/wp-content\/uploads\/2026\/04\/image-18.png 1024w, https:\/\/fmloslapachos.com.ar\/wp\/wp-content\/uploads\/2026\/04\/image-18-300x199.png 300w, https:\/\/fmloslapachos.com.ar\/wp\/wp-content\/uploads\/2026\/04\/image-18-768x510.png 768w\" sizes=\"(max-width: 1024px) 100vw, 1024px\" \/><\/figure>\n\n\n\n<p>En San Juan, el presidente de la C\u00e1mara de Comercio, Hermes Rodr\u00edguez, describi\u00f3 un escenario de \u201camesetamiento\u201d, con una ca\u00edda interanual del 10% en rubros como calzado e indumentaria. Aunque existe expectativa por el impacto futuro de la miner\u00eda, advirti\u00f3 que mientras no mejore el poder adquisitivo de los consumidores, el comercio seguir\u00e1 operando con baja rentabilidad y dificultades para sostener su actividad.<\/p>\n\n\n\n<p>Fuente: Canal 12<\/p>\n","protected":false},"excerpt":{"rendered":"<p>Seg\u00fan los \u00faltimos datos oficiales del INDEC, las ventas en supermercados cayeron 3,1% interanual en febrero, mientras que en centros comerciales la baja fue de 2,1%. La ca\u00edda del consumo masivo volvi\u00f3 a encender se\u00f1ales de alerta en distintas provincias del pa\u00eds, luego de que el INDEC confirmara en febrero una baja en las ventas [&hellip;]<\/p>\n","protected":false},"author":1,"featured_media":2660,"comment_status":"open","ping_status":"open","sticky":false,"template":"","format":"standard","meta":{"footnotes":""},"categories":[5],"tags":[],"class_list":["post-2655","post","type-post","status-publish","format-standard","has-post-thumbnail","hentry","category-nacional"],"amp_enabled":true,"_links":{"self":[{"href":"https:\/\/fmloslapachos.com.ar\/index.php?rest_route=\/wp\/v2\/posts\/2655","targetHints":{"allow":["GET"]}}],"collection":[{"href":"https:\/\/fmloslapachos.com.ar\/index.php?rest_route=\/wp\/v2\/posts"}],"about":[{"href":"https:\/\/fmloslapachos.com.ar\/index.php?rest_route=\/wp\/v2\/types\/post"}],"author":[{"embeddable":true,"href":"https:\/\/fmloslapachos.com.ar\/index.php?rest_route=\/wp\/v2\/users\/1"}],"replies":[{"embeddable":true,"href":"https:\/\/fmloslapachos.com.ar\/index.php?rest_route=%2Fwp%2Fv2%2Fcomments&post=2655"}],"version-history":[{"count":1,"href":"https:\/\/fmloslapachos.com.ar\/index.php?rest_route=\/wp\/v2\/posts\/2655\/revisions"}],"predecessor-version":[{"id":2661,"href":"https:\/\/fmloslapachos.com.ar\/index.php?rest_route=\/wp\/v2\/posts\/2655\/revisions\/2661"}],"wp:featuredmedia":[{"embeddable":true,"href":"https:\/\/fmloslapachos.com.ar\/index.php?rest_route=\/wp\/v2\/media\/2660"}],"wp:attachment":[{"href":"https:\/\/fmloslapachos.com.ar\/index.php?rest_route=%2Fwp%2Fv2%2Fmedia&parent=2655"}],"wp:term":[{"taxonomy":"category","embeddable":true,"href":"https:\/\/fmloslapachos.com.ar\/index.php?rest_route=%2Fwp%2Fv2%2Fcategories&post=2655"},{"taxonomy":"post_tag","embeddable":true,"href":"https:\/\/fmloslapachos.com.ar\/index.php?rest_route=%2Fwp%2Fv2%2Ftags&post=2655"}],"curies":[{"name":"wp","href":"https:\/\/api.w.org\/{rel}","templated":true}]}}