{"id":2646,"date":"2026-04-26T22:04:37","date_gmt":"2026-04-27T01:04:37","guid":{"rendered":"https:\/\/fmloslapachos.com.ar\/?p=2646"},"modified":"2026-04-26T22:16:11","modified_gmt":"2026-04-27T01:16:11","slug":"una-masa-de-aire-de-origen-antartico-iniciara-una-semana-fria-en-misiones","status":"publish","type":"post","link":"https:\/\/fmloslapachos.com.ar\/?p=2646","title":{"rendered":"Una masa de aire de origen ant\u00e1rtico iniciar\u00e1 una semana fr\u00eda en Misiones"},"content":{"rendered":"\n<p class=\"has-vivid-cyan-blue-color has-text-color has-link-color wp-elements-93afef4f941bd8e72f5a70ffa47d805a\" style=\"font-size:25px\"><strong><em>Este fen\u00f3meno, que marcar\u00e1 un antes y un despu\u00e9s en lo que va del a\u00f1o, traer\u00e1 condiciones extremas que invitan a prepararse para los d\u00edas m\u00e1s rigurosos de la temporada. Lo detalles, d\u00eda por d\u00eda.<\/em><\/strong><\/p>\n\n\n\n<p>Seg\u00fan el reporte de la Direcci\u00f3n de Alerta Temprana de la provincia, el avance de este sistema frontal hacia el noreste garantizar\u00e1 la ausencia de lluvias y establecer\u00e1 un ambiente t\u00edpicamente oto\u00f1al, que incluir\u00e1 el registro de las temperaturas m\u00e1s bajas en lo que va del a\u00f1o para el territorio provincial, con m\u00ednimas de un solo d\u00edgito y la posibilidad de heladas agron\u00f3micas antes de un paulatino alivio luego de mediados de semana. <\/p>\n\n\n\n<figure class=\"wp-block-image\"><img fetchpriority=\"high\" decoding=\"async\" width=\"1024\" height=\"686\" src=\"https:\/\/fmloslapachos.com.ar\/wp\/wp-content\/uploads\/2026\/04\/image-16-1024x686.png\" alt=\"\" class=\"wp-image-2651\" srcset=\"https:\/\/fmloslapachos.com.ar\/wp\/wp-content\/uploads\/2026\/04\/image-16-1024x686.png 1024w, https:\/\/fmloslapachos.com.ar\/wp\/wp-content\/uploads\/2026\/04\/image-16-300x201.png 300w, https:\/\/fmloslapachos.com.ar\/wp\/wp-content\/uploads\/2026\/04\/image-16-768x515.png 768w, https:\/\/fmloslapachos.com.ar\/wp\/wp-content\/uploads\/2026\/04\/image-16.png 1089w\" sizes=\"(max-width: 1024px) 100vw, 1024px\" \/><\/figure>\n\n\n\n<p>En ese contexto, este lunes 27 de abril se presentar\u00e1 con tiempo estable y predominio del sol, impulsado por el ingreso de este aire fr\u00edo y seco que mantendr\u00e1 la nubosidad escasa y una probabilidad de precipitaci\u00f3n que oscila apenas entre el 10 y el 35 por ciento, con baja presencia de nieblas.<\/p>\n\n\n\n<p>Para el martes 28 de abril, la influencia de un sistema de alta presi\u00f3n consolidar\u00e1 las condiciones de estabilidad atmosf\u00e9rica, dando lugar a un cielo despejado en lo que se anticipa como el d\u00eda m\u00e1s fr\u00edo del a\u00f1o hasta el momento.<\/p>\n\n\n\n<figure class=\"wp-block-image\"><img decoding=\"async\" width=\"1024\" height=\"613\" src=\"https:\/\/fmloslapachos.com.ar\/wp\/wp-content\/uploads\/2026\/04\/image-15-1024x613.png\" alt=\"\" class=\"wp-image-2650\" srcset=\"https:\/\/fmloslapachos.com.ar\/wp\/wp-content\/uploads\/2026\/04\/image-15-1024x613.png 1024w, https:\/\/fmloslapachos.com.ar\/wp\/wp-content\/uploads\/2026\/04\/image-15-300x180.png 300w, https:\/\/fmloslapachos.com.ar\/wp\/wp-content\/uploads\/2026\/04\/image-15-768x460.png 768w, https:\/\/fmloslapachos.com.ar\/wp\/wp-content\/uploads\/2026\/04\/image-15.png 1108w\" sizes=\"(max-width: 1024px) 100vw, 1024px\" \/><\/figure>\n\n\n\n<p>En este contexto de ma\u00f1anas fr\u00edas y tardes apenas templadas, no se descarta la ocurrencia de heladas agron\u00f3micas localizadas con temperaturas inferiores a los 4 \u00b0C en \u00e1reas bajas y riberas de las zonas Centro y Noreste de Misiones.<\/p>\n","protected":false},"excerpt":{"rendered":"<p>Este fen\u00f3meno, que marcar\u00e1 un antes y un despu\u00e9s en lo que va del a\u00f1o, traer\u00e1 condiciones extremas que invitan a prepararse para los d\u00edas m\u00e1s rigurosos de la temporada. Lo detalles, d\u00eda por d\u00eda. Seg\u00fan el reporte de la Direcci\u00f3n de Alerta Temprana de la provincia, el avance de este sistema frontal hacia el [&hellip;]<\/p>\n","protected":false},"author":1,"featured_media":2652,"comment_status":"open","ping_status":"open","sticky":false,"template":"","format":"standard","meta":{"footnotes":""},"categories":[3],"tags":[],"class_list":["post-2646","post","type-post","status-publish","format-standard","has-post-thumbnail","hentry","category-provincial"],"amp_enabled":true,"_links":{"self":[{"href":"https:\/\/fmloslapachos.com.ar\/index.php?rest_route=\/wp\/v2\/posts\/2646","targetHints":{"allow":["GET"]}}],"collection":[{"href":"https:\/\/fmloslapachos.com.ar\/index.php?rest_route=\/wp\/v2\/posts"}],"about":[{"href":"https:\/\/fmloslapachos.com.ar\/index.php?rest_route=\/wp\/v2\/types\/post"}],"author":[{"embeddable":true,"href":"https:\/\/fmloslapachos.com.ar\/index.php?rest_route=\/wp\/v2\/users\/1"}],"replies":[{"embeddable":true,"href":"https:\/\/fmloslapachos.com.ar\/index.php?rest_route=%2Fwp%2Fv2%2Fcomments&post=2646"}],"version-history":[{"count":2,"href":"https:\/\/fmloslapachos.com.ar\/index.php?rest_route=\/wp\/v2\/posts\/2646\/revisions"}],"predecessor-version":[{"id":2654,"href":"https:\/\/fmloslapachos.com.ar\/index.php?rest_route=\/wp\/v2\/posts\/2646\/revisions\/2654"}],"wp:featuredmedia":[{"embeddable":true,"href":"https:\/\/fmloslapachos.com.ar\/index.php?rest_route=\/wp\/v2\/media\/2652"}],"wp:attachment":[{"href":"https:\/\/fmloslapachos.com.ar\/index.php?rest_route=%2Fwp%2Fv2%2Fmedia&parent=2646"}],"wp:term":[{"taxonomy":"category","embeddable":true,"href":"https:\/\/fmloslapachos.com.ar\/index.php?rest_route=%2Fwp%2Fv2%2Fcategories&post=2646"},{"taxonomy":"post_tag","embeddable":true,"href":"https:\/\/fmloslapachos.com.ar\/index.php?rest_route=%2Fwp%2Fv2%2Ftags&post=2646"}],"curies":[{"name":"wp","href":"https:\/\/api.w.org\/{rel}","templated":true}]}}