{"id":229,"date":"2024-12-18T18:25:11","date_gmt":"2024-12-18T18:25:11","guid":{"rendered":"https:\/\/fmloslapachos.com.ar\/wp\/?p=229"},"modified":"2024-12-18T18:34:18","modified_gmt":"2024-12-18T18:34:18","slug":"se-inauguro-la-usina-del-conocimiento","status":"publish","type":"post","link":"https:\/\/fmloslapachos.com.ar\/?p=229","title":{"rendered":"Se inaugur\u00f3 la Usina del Conocimiento"},"content":{"rendered":"\n<p class=\"has-vivid-cyan-blue-color has-text-color has-link-color wp-elements-f835350adf8b4abb30158efccfb82d8b\" style=\"font-size:25px\"><strong><em>La novedosa propuesta busca potenciar el aprendizaje y conocimiento de los participantes<\/em><\/strong><\/p>\n\n\n\n<p>Como una propuesta m\u00e1s que se sume a la innovaci\u00f3n tecnol\u00f3gica y la industria del conocimiento, esta vez generada en el municipio, se dej\u00f3 oficialmente inaugurada la \u201cUsina del Conocimiento\u201d, en el Nodo de San Vicente<\/p>\n\n\n\n<p>Con propuestas como el Taller GEN10, en la innovaci\u00f3n y diversi\u00f3n en la rama de los experimentos, PROMPT Inicial, marcando los primeros pasos con la Inteligencia Artificial, Dise\u00f1ar para Redes, un taller introductorio para crear y publicar las ideas, Introducci\u00f3n a la edici\u00f3n de sonido, entre otras, ya se han establecido los d\u00edas y horarios para los diferentes talleres, que ya cuentan con m\u00e1s de un centenar de inscriptos y se dictar\u00e1n en el Nodo, ubicado en el subsuelo de la Casa de la Cultura de San Vicente, contando con todas las herramientas tecnol\u00f3gicas para llevar adelante este desaf\u00edo que tiene muchos adeptos.<br>Es de recordar que, los talleres tendr\u00e1n una duraci\u00f3n de entre cuatro y cinco clases, con la presentaci\u00f3n de un proyecto demostrativo donde los participantes pondr\u00e1n en pr\u00e1ctica lo aprendido. EL programa GEN10, es el \u00fanico que tendr\u00e1 una duraci\u00f3n anual, teniendo como objetivo, potenciar la creatividad e ingenio de los m\u00e1s chicos, aplicando la ciencia y la tecnolog\u00eda.<br>La inauguraci\u00f3n de este espacio cont\u00f3 con la presencia del intendente municipal Fabi\u00e1n Rodr\u00edguez, quien destac\u00f3 y valor\u00f3 la recepci\u00f3n que tiene en la gente, principalmente los j\u00f3venes, cuando el municipio pone a disposici\u00f3n herramientas que permiten potenciar los conocimientos. Adem\u00e1s, estuvieron presentes las concejales Sandra Rodr\u00edguez y Julia Claro y los participantes de los talleres que recibieron reconocimientos de parte de las autoridades.<\/p>\n\n\n\n<p><\/p>\n","protected":false},"excerpt":{"rendered":"<p>La novedosa propuesta busca potenciar el aprendizaje y conocimiento de los participantes Como una propuesta m\u00e1s que se sume a la innovaci\u00f3n tecnol\u00f3gica y la industria del conocimiento, esta vez generada en el municipio, se dej\u00f3 oficialmente inaugurada la \u201cUsina del Conocimiento\u201d, en el Nodo de San Vicente Con propuestas como el Taller GEN10, en [&hellip;]<\/p>\n","protected":false},"author":1,"featured_media":238,"comment_status":"open","ping_status":"open","sticky":false,"template":"","format":"standard","meta":{"footnotes":""},"categories":[4],"tags":[],"class_list":["post-229","post","type-post","status-publish","format-standard","has-post-thumbnail","hentry","category-san-vicente"],"amp_enabled":true,"_links":{"self":[{"href":"https:\/\/fmloslapachos.com.ar\/index.php?rest_route=\/wp\/v2\/posts\/229","targetHints":{"allow":["GET"]}}],"collection":[{"href":"https:\/\/fmloslapachos.com.ar\/index.php?rest_route=\/wp\/v2\/posts"}],"about":[{"href":"https:\/\/fmloslapachos.com.ar\/index.php?rest_route=\/wp\/v2\/types\/post"}],"author":[{"embeddable":true,"href":"https:\/\/fmloslapachos.com.ar\/index.php?rest_route=\/wp\/v2\/users\/1"}],"replies":[{"embeddable":true,"href":"https:\/\/fmloslapachos.com.ar\/index.php?rest_route=%2Fwp%2Fv2%2Fcomments&post=229"}],"version-history":[{"count":1,"href":"https:\/\/fmloslapachos.com.ar\/index.php?rest_route=\/wp\/v2\/posts\/229\/revisions"}],"predecessor-version":[{"id":237,"href":"https:\/\/fmloslapachos.com.ar\/index.php?rest_route=\/wp\/v2\/posts\/229\/revisions\/237"}],"wp:featuredmedia":[{"embeddable":true,"href":"https:\/\/fmloslapachos.com.ar\/index.php?rest_route=\/wp\/v2\/media\/238"}],"wp:attachment":[{"href":"https:\/\/fmloslapachos.com.ar\/index.php?rest_route=%2Fwp%2Fv2%2Fmedia&parent=229"}],"wp:term":[{"taxonomy":"category","embeddable":true,"href":"https:\/\/fmloslapachos.com.ar\/index.php?rest_route=%2Fwp%2Fv2%2Fcategories&post=229"},{"taxonomy":"post_tag","embeddable":true,"href":"https:\/\/fmloslapachos.com.ar\/index.php?rest_route=%2Fwp%2Fv2%2Ftags&post=229"}],"curies":[{"name":"wp","href":"https:\/\/api.w.org\/{rel}","templated":true}]}}