{"id":2218,"date":"2026-03-13T14:51:21","date_gmt":"2026-03-13T17:51:21","guid":{"rendered":"https:\/\/fmloslapachos.com.ar\/?p=2218"},"modified":"2026-03-13T14:51:23","modified_gmt":"2026-03-13T17:51:23","slug":"el-soberbio-comenzo-el-misionero-de-rally-en-la-localidad-riverena","status":"publish","type":"post","link":"https:\/\/fmloslapachos.com.ar\/?p=2218","title":{"rendered":"El Soberbio: Comenz\u00f3 el Misionero de Rally en la localidad rivere\u00f1a"},"content":{"rendered":"\n<p class=\"has-vivid-cyan-blue-color has-text-color has-link-color wp-elements-5b3c43a5ea2c3e9535704882481eabd7\" style=\"font-size:25px\"><strong><em>La primera fecha del Campeonato Misionero de Rally, que se corre desde hoy hasta el domingo por los caminos vecinales de El Soberbio, ya conoce los horarios y a los 37 binomios que tomar\u00e1n parte de la prueba.<\/em><\/strong><\/p>\n\n\n\n<p>El Gran Premio Saltos del Mocon\u00e1 comenzar\u00e1 el viernes con la llegada de los equipos que se instalar\u00e1n en el Parque de Asistencia ubicado en el centro de El Soberbio. De 11 a 17 se realizar\u00e1 la administrativa previa en el colectivo de la AMPyNaR y los mec\u00e1nicos podr\u00e1n hacer la t\u00e9cnica previa. De 12 a 19 estar\u00e1n habilitados los caminos para realizar los reconocimientos.<\/p>\n\n\n\n<figure class=\"wp-block-image\"><img fetchpriority=\"high\" decoding=\"async\" width=\"1024\" height=\"531\" src=\"https:\/\/fmloslapachos.com.ar\/wp\/wp-content\/uploads\/2026\/03\/image-19-1024x531.png\" alt=\"\" class=\"wp-image-2221\" srcset=\"https:\/\/fmloslapachos.com.ar\/wp\/wp-content\/uploads\/2026\/03\/image-19-1024x531.png 1024w, https:\/\/fmloslapachos.com.ar\/wp\/wp-content\/uploads\/2026\/03\/image-19-300x155.png 300w, https:\/\/fmloslapachos.com.ar\/wp\/wp-content\/uploads\/2026\/03\/image-19-768x398.png 768w, https:\/\/fmloslapachos.com.ar\/wp\/wp-content\/uploads\/2026\/03\/image-19.png 1287w\" sizes=\"(max-width: 1024px) 100vw, 1024px\" \/><\/figure>\n\n\n\n<p>De 16 a 17.30 ser\u00e1 el tiempo de Shakedown, donde seguramente muchos pilotos aprovechar\u00e1n para probar sus m\u00e1quinas. A las 19 ser\u00e1 la reuni\u00f3n de Pilotos, donde las autoridades dar\u00e1n la bienvenida a la nueva temporada. Por la noche, desde las 21 en el centro de El Soberbio se realizar\u00e1 la rampa de largada por donde desfilar\u00e1n los equipos y que ser\u00e1 transmitida v\u00eda streaming por el canal de youtube de la AMPyNaR.<\/p>\n\n\n\n<figure class=\"wp-block-image\"><img decoding=\"async\" width=\"1024\" height=\"568\" src=\"https:\/\/fmloslapachos.com.ar\/wp\/wp-content\/uploads\/2026\/03\/image-21-1024x568.png\" alt=\"\" class=\"wp-image-2223\" srcset=\"https:\/\/fmloslapachos.com.ar\/wp\/wp-content\/uploads\/2026\/03\/image-21-1024x568.png 1024w, https:\/\/fmloslapachos.com.ar\/wp\/wp-content\/uploads\/2026\/03\/image-21-300x166.png 300w, https:\/\/fmloslapachos.com.ar\/wp\/wp-content\/uploads\/2026\/03\/image-21-768x426.png 768w, https:\/\/fmloslapachos.com.ar\/wp\/wp-content\/uploads\/2026\/03\/image-21.png 1164w\" sizes=\"(max-width: 1024px) 100vw, 1024px\" \/><\/figure>\n\n\n\n<p>El s\u00e1bado desde las 11.28 se disputar\u00e1 la primera etapa que tendr\u00e1 4 pruebas especiales, distribuidos en dos tramos. El domingo, desde las 9.08 se disputar\u00e1 la segunda etapa que tendr\u00e1 seis pruebas especiales.<\/p>\n\n\n\n<p>Recambio de pilotos<\/p>\n\n\n\n<p>Cerradas las inscripciones online se confirm\u00f3 que ser\u00e1n 37 los binomios que tomar\u00e1n parte de la primera prueba del a\u00f1o. Como en cada inicio de temporada hay un recambio de pilotos que se sumar\u00e1n a los experimentados en un campeonato que promete ser apasionante.<\/p>\n\n\n\n<p>Todo el programa en: <a href=\"https:\/\/www.facebook.com\/ampynarally\">https:\/\/www.facebook.com\/ampynarally<\/a><\/p>\n\n\n\n<figure class=\"wp-block-image\"><img decoding=\"async\" width=\"825\" height=\"1024\" src=\"https:\/\/fmloslapachos.com.ar\/wp\/wp-content\/uploads\/2026\/03\/image-20-825x1024.png\" alt=\"\" class=\"wp-image-2222\" srcset=\"https:\/\/fmloslapachos.com.ar\/wp\/wp-content\/uploads\/2026\/03\/image-20-825x1024.png 825w, https:\/\/fmloslapachos.com.ar\/wp\/wp-content\/uploads\/2026\/03\/image-20-242x300.png 242w, https:\/\/fmloslapachos.com.ar\/wp\/wp-content\/uploads\/2026\/03\/image-20-768x954.png 768w, https:\/\/fmloslapachos.com.ar\/wp\/wp-content\/uploads\/2026\/03\/image-20.png 1080w\" sizes=\"(max-width: 825px) 100vw, 825px\" \/><\/figure>\n","protected":false},"excerpt":{"rendered":"<p>La primera fecha del Campeonato Misionero de Rally, que se corre desde hoy hasta el domingo por los caminos vecinales de El Soberbio, ya conoce los horarios y a los 37 binomios que tomar\u00e1n parte de la prueba. El Gran Premio Saltos del Mocon\u00e1 comenzar\u00e1 el viernes con la llegada de los equipos que se [&hellip;]<\/p>\n","protected":false},"author":1,"featured_media":2224,"comment_status":"open","ping_status":"open","sticky":false,"template":"","format":"standard","meta":{"footnotes":""},"categories":[7,3],"tags":[],"class_list":["post-2218","post","type-post","status-publish","format-standard","has-post-thumbnail","hentry","category-deportes","category-provincial"],"amp_enabled":true,"_links":{"self":[{"href":"https:\/\/fmloslapachos.com.ar\/index.php?rest_route=\/wp\/v2\/posts\/2218","targetHints":{"allow":["GET"]}}],"collection":[{"href":"https:\/\/fmloslapachos.com.ar\/index.php?rest_route=\/wp\/v2\/posts"}],"about":[{"href":"https:\/\/fmloslapachos.com.ar\/index.php?rest_route=\/wp\/v2\/types\/post"}],"author":[{"embeddable":true,"href":"https:\/\/fmloslapachos.com.ar\/index.php?rest_route=\/wp\/v2\/users\/1"}],"replies":[{"embeddable":true,"href":"https:\/\/fmloslapachos.com.ar\/index.php?rest_route=%2Fwp%2Fv2%2Fcomments&post=2218"}],"version-history":[{"count":1,"href":"https:\/\/fmloslapachos.com.ar\/index.php?rest_route=\/wp\/v2\/posts\/2218\/revisions"}],"predecessor-version":[{"id":2225,"href":"https:\/\/fmloslapachos.com.ar\/index.php?rest_route=\/wp\/v2\/posts\/2218\/revisions\/2225"}],"wp:featuredmedia":[{"embeddable":true,"href":"https:\/\/fmloslapachos.com.ar\/index.php?rest_route=\/wp\/v2\/media\/2224"}],"wp:attachment":[{"href":"https:\/\/fmloslapachos.com.ar\/index.php?rest_route=%2Fwp%2Fv2%2Fmedia&parent=2218"}],"wp:term":[{"taxonomy":"category","embeddable":true,"href":"https:\/\/fmloslapachos.com.ar\/index.php?rest_route=%2Fwp%2Fv2%2Fcategories&post=2218"},{"taxonomy":"post_tag","embeddable":true,"href":"https:\/\/fmloslapachos.com.ar\/index.php?rest_route=%2Fwp%2Fv2%2Ftags&post=2218"}],"curies":[{"name":"wp","href":"https:\/\/api.w.org\/{rel}","templated":true}]}}