{"id":2203,"date":"2026-03-13T13:09:19","date_gmt":"2026-03-13T16:09:19","guid":{"rendered":"https:\/\/fmloslapachos.com.ar\/?p=2203"},"modified":"2026-03-13T14:34:44","modified_gmt":"2026-03-13T17:34:44","slug":"se-realizo-jornada-de-sensibilizacion-de-trata-y-trafico-de-personas","status":"publish","type":"post","link":"https:\/\/fmloslapachos.com.ar\/?p=2203","title":{"rendered":"Se realiz\u00f3 la jornada de sensibilizaci\u00f3n de trata y tr\u00e1fico de personas"},"content":{"rendered":"\n<p class=\"has-vivid-cyan-blue-color has-text-color has-link-color wp-elements-cea8b0e10fea7284b58e0944fae39f4a\" style=\"font-size:25px\"><strong><em>El encuentro se realiz\u00f3 en horas de la ma\u00f1ana de este viernes, en la Casa de la Cultura local, con la presencia del intendente municipal Fabi\u00e1n Rodr\u00edguez, diferentes actores sociales, como fuerzas vivas, instituciones p\u00fablicas, educativas y vecinos<\/em><\/strong><\/p>\n\n\n\n<p><\/p>\n\n\n\n<p>Como parte de las actividades que lleva adelante la vicegobernaci\u00f3n de la provincia en conjunto con la Municipalidad de San Vicente, especialmente en el mes de la mujer, el programa \u201cMisiones Previene\u201d, realiz\u00f3 una jornada de sensibilizaci\u00f3n sobre el delito de trata de personas.En la oportunidad, Yanina Boschman, de la Coordinaci\u00f3n de protecci\u00f3n y asistencia a v\u00edctimas y testigos de la trata y tr\u00e1fico de personas, quien evalu\u00f3 la jornada como muy positiva y productiva, \u201cEsta es una problem\u00e1tica muy silenciosa que muchas veces creemos que est\u00e1 lejos de nosotros, sin embargo, muchas veces opera mucho m\u00e1s cerca de lo que creemos\u201d, expres\u00f3 la funcionaria.<\/p>\n\n\n\n<figure class=\"wp-block-image\"><img fetchpriority=\"high\" decoding=\"async\" width=\"1024\" height=\"576\" src=\"https:\/\/fmloslapachos.com.ar\/wp\/wp-content\/uploads\/2026\/03\/image-16-1024x576.png\" alt=\"\" class=\"wp-image-2206\" srcset=\"https:\/\/fmloslapachos.com.ar\/wp\/wp-content\/uploads\/2026\/03\/image-16-1024x576.png 1024w, https:\/\/fmloslapachos.com.ar\/wp\/wp-content\/uploads\/2026\/03\/image-16-300x169.png 300w, https:\/\/fmloslapachos.com.ar\/wp\/wp-content\/uploads\/2026\/03\/image-16-768x432.png 768w, https:\/\/fmloslapachos.com.ar\/wp\/wp-content\/uploads\/2026\/03\/image-16.png 1280w\" sizes=\"(max-width: 1024px) 100vw, 1024px\" \/><\/figure>\n\n\n\n<p>Sobre el trabajo que se viene haciendo en forma permanente, Boschman destac\u00f3 que, \u201ces importante que la sociedad pueda sensibilizarse de como es y cuales son las nuevas modalidades existentes hoy en d\u00eda, que sin dudas, generan preocupaci\u00f3n\u201d, coment\u00f3, agregando que, \u201ctenemos que estar siempre atentos a cualquier variaci\u00f3n, no solo las que mas conocemos, como la explotaci\u00f3n sexual o laboral sino, todas las nuevas modalidades asociadas a la virtualidad\u201d, aclar\u00f3.<\/p>\n\n\n\n<figure class=\"wp-block-image\"><img decoding=\"async\" width=\"1024\" height=\"576\" src=\"https:\/\/fmloslapachos.com.ar\/wp\/wp-content\/uploads\/2026\/03\/image-17-1024x576.png\" alt=\"\" class=\"wp-image-2207\" srcset=\"https:\/\/fmloslapachos.com.ar\/wp\/wp-content\/uploads\/2026\/03\/image-17-1024x576.png 1024w, https:\/\/fmloslapachos.com.ar\/wp\/wp-content\/uploads\/2026\/03\/image-17-300x169.png 300w, https:\/\/fmloslapachos.com.ar\/wp\/wp-content\/uploads\/2026\/03\/image-17-768x432.png 768w, https:\/\/fmloslapachos.com.ar\/wp\/wp-content\/uploads\/2026\/03\/image-17.png 1280w\" sizes=\"(max-width: 1024px) 100vw, 1024px\" \/><\/figure>\n\n\n\n<p>En el marco del mes de la mujer, la coordinadora de la charla destac\u00f3 que, \u201clo importante para nosotros es poder sensibilizar a la poblaci\u00f3n de que lamentablemente, la mayor\u00eda de las v\u00edctimas son mujeres\u201d, remarc\u00f3, acotando que, \u201cen el mundo se dice que mas del 60 % de las victimas de trata son mujeres y ni\u00f1as\u201d resalt\u00f3, argumentando que \u201ces importante entender que todav\u00eda sigue siendo una de las formas de violencia de g\u00e9nero, de violencia econ\u00f3mica y que afecta mas a las mujeres que a los varones\u201d.<\/p>\n\n\n\n<figure class=\"wp-block-image\"><img decoding=\"async\" width=\"1024\" height=\"803\" src=\"https:\/\/fmloslapachos.com.ar\/wp\/wp-content\/uploads\/2026\/03\/image-18-1024x803.png\" alt=\"\" class=\"wp-image-2208\" srcset=\"https:\/\/fmloslapachos.com.ar\/wp\/wp-content\/uploads\/2026\/03\/image-18-1024x803.png 1024w, https:\/\/fmloslapachos.com.ar\/wp\/wp-content\/uploads\/2026\/03\/image-18-300x235.png 300w, https:\/\/fmloslapachos.com.ar\/wp\/wp-content\/uploads\/2026\/03\/image-18-768x602.png 768w, https:\/\/fmloslapachos.com.ar\/wp\/wp-content\/uploads\/2026\/03\/image-18-1536x1205.png 1536w, https:\/\/fmloslapachos.com.ar\/wp\/wp-content\/uploads\/2026\/03\/image-18.png 1600w\" sizes=\"(max-width: 1024px) 100vw, 1024px\" \/><\/figure>\n\n\n\n<p>Yanina Boschman resalt\u00f3 que, \u201cen tem\u00e1ticas tan delicadas para la sociedad, el estado est\u00e1 presente con un trabajo permanente en el terreno, buscando concientizar para que todos asumamos el compromiso de luchar contra este flagelo, partiendo de la base del conocimiento con charlas, capacitaciones como esta, que son parte de las herramientas que el gobierno de Misiones pone al alcance de la ciudadan\u00eda\u201d.<\/p>\n\n\n\n<p>Fuente: Prensa Secretaria de Salud y Pol\u00edticas Sociales &#8211; MSV<\/p>\n","protected":false},"excerpt":{"rendered":"<p>El encuentro se realiz\u00f3 en horas de la ma\u00f1ana de este viernes, en la Casa de la Cultura local, con la presencia del intendente municipal Fabi\u00e1n Rodr\u00edguez, diferentes actores sociales, como fuerzas vivas, instituciones p\u00fablicas, educativas y vecinos Como parte de las actividades que lleva adelante la vicegobernaci\u00f3n de la provincia en conjunto con la [&hellip;]<\/p>\n","protected":false},"author":1,"featured_media":2214,"comment_status":"open","ping_status":"open","sticky":false,"template":"","format":"standard","meta":{"footnotes":""},"categories":[4],"tags":[],"class_list":["post-2203","post","type-post","status-publish","format-standard","has-post-thumbnail","hentry","category-san-vicente"],"amp_enabled":true,"_links":{"self":[{"href":"https:\/\/fmloslapachos.com.ar\/index.php?rest_route=\/wp\/v2\/posts\/2203","targetHints":{"allow":["GET"]}}],"collection":[{"href":"https:\/\/fmloslapachos.com.ar\/index.php?rest_route=\/wp\/v2\/posts"}],"about":[{"href":"https:\/\/fmloslapachos.com.ar\/index.php?rest_route=\/wp\/v2\/types\/post"}],"author":[{"embeddable":true,"href":"https:\/\/fmloslapachos.com.ar\/index.php?rest_route=\/wp\/v2\/users\/1"}],"replies":[{"embeddable":true,"href":"https:\/\/fmloslapachos.com.ar\/index.php?rest_route=%2Fwp%2Fv2%2Fcomments&post=2203"}],"version-history":[{"count":4,"href":"https:\/\/fmloslapachos.com.ar\/index.php?rest_route=\/wp\/v2\/posts\/2203\/revisions"}],"predecessor-version":[{"id":2217,"href":"https:\/\/fmloslapachos.com.ar\/index.php?rest_route=\/wp\/v2\/posts\/2203\/revisions\/2217"}],"wp:featuredmedia":[{"embeddable":true,"href":"https:\/\/fmloslapachos.com.ar\/index.php?rest_route=\/wp\/v2\/media\/2214"}],"wp:attachment":[{"href":"https:\/\/fmloslapachos.com.ar\/index.php?rest_route=%2Fwp%2Fv2%2Fmedia&parent=2203"}],"wp:term":[{"taxonomy":"category","embeddable":true,"href":"https:\/\/fmloslapachos.com.ar\/index.php?rest_route=%2Fwp%2Fv2%2Fcategories&post=2203"},{"taxonomy":"post_tag","embeddable":true,"href":"https:\/\/fmloslapachos.com.ar\/index.php?rest_route=%2Fwp%2Fv2%2Ftags&post=2203"}],"curies":[{"name":"wp","href":"https:\/\/api.w.org\/{rel}","templated":true}]}}