{"id":2084,"date":"2026-03-10T00:45:55","date_gmt":"2026-03-10T00:45:55","guid":{"rendered":"https:\/\/fmloslapachos.com.ar\/?p=2084"},"modified":"2026-03-10T02:44:47","modified_gmt":"2026-03-10T02:44:47","slug":"intendente-fabian-rodriguez-abrio-las-sesiones-legislativas-2026","status":"publish","type":"post","link":"https:\/\/fmloslapachos.com.ar\/?p=2084","title":{"rendered":"Intendente Fabi\u00e1n Rodr\u00edguez abri\u00f3 las sesiones legislativas 2026"},"content":{"rendered":"\n<p class=\"has-vivid-cyan-blue-color has-text-color has-link-color wp-elements-ee30291e3174e012bb11ed1573a7ef03\" style=\"font-size:25px\"><strong><em>La apertura oficial de las sesiones ordinarias se realiz\u00f3 en el recinto del Honorable Concejo Deliberante de esta ciudad.<\/em><\/strong><\/p>\n\n\n\n<p><\/p>\n\n\n\n<p>Tal estaba previsto, el encuentro comenz\u00f3 a las 19 horas, cuando el presidente del cuerpo legislativo dio apertura oficial a la sesi\u00f3n, presentando como \u00fanico orador, al intendente municipal Fabi\u00e1n Rodr\u00edguez, quien realiz\u00f3 un repaso de todo lom realizado en el periodo 2025, anunciando nuevos proyectos para el presente a\u00f1o, resaltando el contexto econ\u00f3mico nacional y la situaci\u00f3n financiera del municipio, que regista superabit en forma consecutiva, desde que asumi\u00f3 su primera gestion, en el a\u00f1o 2019.<\/p>\n\n\n\n<figure class=\"wp-block-image\"><img fetchpriority=\"high\" decoding=\"async\" width=\"1024\" height=\"770\" src=\"https:\/\/fmloslapachos.com.ar\/wp\/wp-content\/uploads\/2026\/03\/image-8-1024x770.png\" alt=\"\" class=\"wp-image-2089\" srcset=\"https:\/\/fmloslapachos.com.ar\/wp\/wp-content\/uploads\/2026\/03\/image-8-1024x770.png 1024w, https:\/\/fmloslapachos.com.ar\/wp\/wp-content\/uploads\/2026\/03\/image-8-300x226.png 300w, https:\/\/fmloslapachos.com.ar\/wp\/wp-content\/uploads\/2026\/03\/image-8-768x578.png 768w, https:\/\/fmloslapachos.com.ar\/wp\/wp-content\/uploads\/2026\/03\/image-8.png 1280w\" sizes=\"(max-width: 1024px) 100vw, 1024px\" \/><\/figure>\n\n\n\n<p>El recinto cont\u00f3 con la presencia de todos los ediles, miembro del gabinete municipal, medios de prensa y p\u00fablico que se hizo presente para escuchar al intendente local.<\/p>\n\n\n\n<figure class=\"wp-block-image\"><img decoding=\"async\" width=\"1024\" height=\"576\" src=\"https:\/\/fmloslapachos.com.ar\/wp\/wp-content\/uploads\/2026\/03\/image-7-1024x576.png\" alt=\"\" class=\"wp-image-2088\" srcset=\"https:\/\/fmloslapachos.com.ar\/wp\/wp-content\/uploads\/2026\/03\/image-7-1024x576.png 1024w, https:\/\/fmloslapachos.com.ar\/wp\/wp-content\/uploads\/2026\/03\/image-7-300x169.png 300w, https:\/\/fmloslapachos.com.ar\/wp\/wp-content\/uploads\/2026\/03\/image-7-768x432.png 768w, https:\/\/fmloslapachos.com.ar\/wp\/wp-content\/uploads\/2026\/03\/image-7.png 1280w\" sizes=\"(max-width: 1024px) 100vw, 1024px\" \/><\/figure>\n\n\n\n<p>Una vez culminada sun exposici\u00f3n de logros y proyectos, el intendente Fabi\u00e1n Rodr\u00edguez, llam\u00f3 a todos los concejales que contin\u00faan en sus bancas y a los que inician su rol legislativo desde diciembre del a\u00f1o pasado, a acompa\u00f1ar la gesti\u00f3n aunando criterios para trabajas siempre por el bien de toda la comunidad de San Vicente.<\/p>\n\n\n\n<figure class=\"wp-block-image\"><img decoding=\"async\" width=\"1024\" height=\"768\" src=\"https:\/\/fmloslapachos.com.ar\/wp\/wp-content\/uploads\/2026\/03\/image-9-1024x768.png\" alt=\"\" class=\"wp-image-2090\" srcset=\"https:\/\/fmloslapachos.com.ar\/wp\/wp-content\/uploads\/2026\/03\/image-9-1024x768.png 1024w, https:\/\/fmloslapachos.com.ar\/wp\/wp-content\/uploads\/2026\/03\/image-9-300x225.png 300w, https:\/\/fmloslapachos.com.ar\/wp\/wp-content\/uploads\/2026\/03\/image-9-768x576.png 768w, https:\/\/fmloslapachos.com.ar\/wp\/wp-content\/uploads\/2026\/03\/image-9-1536x1152.png 1536w, https:\/\/fmloslapachos.com.ar\/wp\/wp-content\/uploads\/2026\/03\/image-9.png 1600w\" sizes=\"(max-width: 1024px) 100vw, 1024px\" \/><\/figure>\n","protected":false},"excerpt":{"rendered":"<p>La apertura oficial de las sesiones ordinarias se realiz\u00f3 en el recinto del Honorable Concejo Deliberante de esta ciudad. Tal estaba previsto, el encuentro comenz\u00f3 a las 19 horas, cuando el presidente del cuerpo legislativo dio apertura oficial a la sesi\u00f3n, presentando como \u00fanico orador, al intendente municipal Fabi\u00e1n Rodr\u00edguez, quien realiz\u00f3 un repaso de [&hellip;]<\/p>\n","protected":false},"author":1,"featured_media":2091,"comment_status":"open","ping_status":"open","sticky":false,"template":"","format":"standard","meta":{"footnotes":""},"categories":[4],"tags":[],"class_list":["post-2084","post","type-post","status-publish","format-standard","has-post-thumbnail","hentry","category-san-vicente"],"amp_enabled":true,"_links":{"self":[{"href":"https:\/\/fmloslapachos.com.ar\/index.php?rest_route=\/wp\/v2\/posts\/2084","targetHints":{"allow":["GET"]}}],"collection":[{"href":"https:\/\/fmloslapachos.com.ar\/index.php?rest_route=\/wp\/v2\/posts"}],"about":[{"href":"https:\/\/fmloslapachos.com.ar\/index.php?rest_route=\/wp\/v2\/types\/post"}],"author":[{"embeddable":true,"href":"https:\/\/fmloslapachos.com.ar\/index.php?rest_route=\/wp\/v2\/users\/1"}],"replies":[{"embeddable":true,"href":"https:\/\/fmloslapachos.com.ar\/index.php?rest_route=%2Fwp%2Fv2%2Fcomments&post=2084"}],"version-history":[{"count":5,"href":"https:\/\/fmloslapachos.com.ar\/index.php?rest_route=\/wp\/v2\/posts\/2084\/revisions"}],"predecessor-version":[{"id":2107,"href":"https:\/\/fmloslapachos.com.ar\/index.php?rest_route=\/wp\/v2\/posts\/2084\/revisions\/2107"}],"wp:featuredmedia":[{"embeddable":true,"href":"https:\/\/fmloslapachos.com.ar\/index.php?rest_route=\/wp\/v2\/media\/2091"}],"wp:attachment":[{"href":"https:\/\/fmloslapachos.com.ar\/index.php?rest_route=%2Fwp%2Fv2%2Fmedia&parent=2084"}],"wp:term":[{"taxonomy":"category","embeddable":true,"href":"https:\/\/fmloslapachos.com.ar\/index.php?rest_route=%2Fwp%2Fv2%2Fcategories&post=2084"},{"taxonomy":"post_tag","embeddable":true,"href":"https:\/\/fmloslapachos.com.ar\/index.php?rest_route=%2Fwp%2Fv2%2Ftags&post=2084"}],"curies":[{"name":"wp","href":"https:\/\/api.w.org\/{rel}","templated":true}]}}