{"id":1612,"date":"2025-11-13T13:37:04","date_gmt":"2025-11-13T13:37:04","guid":{"rendered":"https:\/\/fmloslapachos.com.ar\/?p=1612"},"modified":"2025-11-13T13:37:06","modified_gmt":"2025-11-13T13:37:06","slug":"hoy-inicia-la-feria-provincial-del-trabajo-y-la-expo-eldorado-2025","status":"publish","type":"post","link":"https:\/\/fmloslapachos.com.ar\/?p=1612","title":{"rendered":"Hoy inicia la Feria Provincial del Trabajo y la Expo Eldorado 2025"},"content":{"rendered":"\n<p class=\"has-vivid-cyan-blue-color has-text-color has-link-color wp-elements-70513ca85ec166e716ec7139b399bc04\" style=\"font-size:25px\"><strong><em>El evento se extender\u00e1 hasta el 16 de noviembre en la Costanera con un plan de contingencia que asegura el desarrollo de la fiesta a pesar del pron\u00f3stico del tiempo adverso<\/em><\/strong><\/p>\n\n\n\n<p>El equipo organizador destac\u00f3 que la ciudad est\u00e1 totalmente preparada para afrontar el clima. Personal municipal y t\u00e9cnico trabaja intensamente en el montaje de los escenarios y stands para garantizar la participaci\u00f3n de expositores, emprendedores y el p\u00fablico durante las cuatro jornadas.<\/p>\n\n\n\n<p>La Expo Eldorado inicia hoy a las 18:00 hs. en la costanera de esta ciudad, Cada jornada ajustar\u00e1 sus actividades y espect\u00e1culos a las condiciones del d\u00eda, con decisiones que se tomar\u00e1n en el momento seg\u00fan el estado del clima El equipo mantiene una comunicaci\u00f3n directa con los expositores para garantizar la mejor organizaci\u00f3n.<\/p>\n\n\n\n<figure class=\"wp-block-image\"><img fetchpriority=\"high\" decoding=\"async\" width=\"838\" height=\"1024\" src=\"https:\/\/fmloslapachos.com.ar\/wp\/wp-content\/uploads\/2025\/11\/image-12-838x1024.png\" alt=\"\" class=\"wp-image-1615\" srcset=\"https:\/\/fmloslapachos.com.ar\/wp\/wp-content\/uploads\/2025\/11\/image-12-838x1024.png 838w, https:\/\/fmloslapachos.com.ar\/wp\/wp-content\/uploads\/2025\/11\/image-12-245x300.png 245w, https:\/\/fmloslapachos.com.ar\/wp\/wp-content\/uploads\/2025\/11\/image-12-768x939.png 768w, https:\/\/fmloslapachos.com.ar\/wp\/wp-content\/uploads\/2025\/11\/image-12-1257x1536.png 1257w, https:\/\/fmloslapachos.com.ar\/wp\/wp-content\/uploads\/2025\/11\/image-12.png 1440w\" sizes=\"(max-width: 838px) 100vw, 838px\" \/><\/figure>\n\n\n\n<p>Con el objetivo de que &#8220;nadie se quede sin participar&#8221; y que &#8220;Eldorado viva su fiesta como se merece&#8221;, la organizaci\u00f3n no descarta la posibilidad de extender el evento si las condiciones del tiempo lo requieren, \u201cSi tenemos que continuar lunes, martes o mi\u00e9rcoles, lo haremos. La idea es que nadie se quede sin participar y que Eldorado viva su fiesta como se merece\u201d, afirmaron desde la coordinaci\u00f3n.<\/p>\n\n\n\n<figure class=\"wp-block-image\"><img decoding=\"async\" width=\"838\" height=\"1024\" src=\"https:\/\/fmloslapachos.com.ar\/wp\/wp-content\/uploads\/2025\/11\/image-13-838x1024.png\" alt=\"\" class=\"wp-image-1616\" srcset=\"https:\/\/fmloslapachos.com.ar\/wp\/wp-content\/uploads\/2025\/11\/image-13-838x1024.png 838w, https:\/\/fmloslapachos.com.ar\/wp\/wp-content\/uploads\/2025\/11\/image-13-245x300.png 245w, https:\/\/fmloslapachos.com.ar\/wp\/wp-content\/uploads\/2025\/11\/image-13-768x939.png 768w, https:\/\/fmloslapachos.com.ar\/wp\/wp-content\/uploads\/2025\/11\/image-13-1257x1536.png 1257w, https:\/\/fmloslapachos.com.ar\/wp\/wp-content\/uploads\/2025\/11\/image-13.png 1440w\" sizes=\"(max-width: 838px) 100vw, 838px\" \/><\/figure>\n","protected":false},"excerpt":{"rendered":"<p>El evento se extender\u00e1 hasta el 16 de noviembre en la Costanera con un plan de contingencia que asegura el desarrollo de la fiesta a pesar del pron\u00f3stico del tiempo adverso El equipo organizador destac\u00f3 que la ciudad est\u00e1 totalmente preparada para afrontar el clima. Personal municipal y t\u00e9cnico trabaja intensamente en el montaje de [&hellip;]<\/p>\n","protected":false},"author":1,"featured_media":1617,"comment_status":"open","ping_status":"open","sticky":false,"template":"","format":"standard","meta":{"footnotes":""},"categories":[3],"tags":[],"class_list":["post-1612","post","type-post","status-publish","format-standard","has-post-thumbnail","hentry","category-provincial"],"amp_enabled":true,"_links":{"self":[{"href":"https:\/\/fmloslapachos.com.ar\/index.php?rest_route=\/wp\/v2\/posts\/1612","targetHints":{"allow":["GET"]}}],"collection":[{"href":"https:\/\/fmloslapachos.com.ar\/index.php?rest_route=\/wp\/v2\/posts"}],"about":[{"href":"https:\/\/fmloslapachos.com.ar\/index.php?rest_route=\/wp\/v2\/types\/post"}],"author":[{"embeddable":true,"href":"https:\/\/fmloslapachos.com.ar\/index.php?rest_route=\/wp\/v2\/users\/1"}],"replies":[{"embeddable":true,"href":"https:\/\/fmloslapachos.com.ar\/index.php?rest_route=%2Fwp%2Fv2%2Fcomments&post=1612"}],"version-history":[{"count":1,"href":"https:\/\/fmloslapachos.com.ar\/index.php?rest_route=\/wp\/v2\/posts\/1612\/revisions"}],"predecessor-version":[{"id":1618,"href":"https:\/\/fmloslapachos.com.ar\/index.php?rest_route=\/wp\/v2\/posts\/1612\/revisions\/1618"}],"wp:featuredmedia":[{"embeddable":true,"href":"https:\/\/fmloslapachos.com.ar\/index.php?rest_route=\/wp\/v2\/media\/1617"}],"wp:attachment":[{"href":"https:\/\/fmloslapachos.com.ar\/index.php?rest_route=%2Fwp%2Fv2%2Fmedia&parent=1612"}],"wp:term":[{"taxonomy":"category","embeddable":true,"href":"https:\/\/fmloslapachos.com.ar\/index.php?rest_route=%2Fwp%2Fv2%2Fcategories&post=1612"},{"taxonomy":"post_tag","embeddable":true,"href":"https:\/\/fmloslapachos.com.ar\/index.php?rest_route=%2Fwp%2Fv2%2Ftags&post=1612"}],"curies":[{"name":"wp","href":"https:\/\/api.w.org\/{rel}","templated":true}]}}