{"id":1554,"date":"2025-10-13T00:50:28","date_gmt":"2025-10-13T00:50:28","guid":{"rendered":"https:\/\/fmloslapachos.com.ar\/?p=1554"},"modified":"2025-10-13T00:50:31","modified_gmt":"2025-10-13T00:50:31","slug":"los-estudiantes-eligieron-a-sus-nuevos-soberanos","status":"publish","type":"post","link":"https:\/\/fmloslapachos.com.ar\/?p=1554","title":{"rendered":"Los estudiantes eligieron a sus nuevos soberanos"},"content":{"rendered":"\n<p class=\"has-vivid-cyan-blue-color has-text-color has-link-color wp-elements-ba6e6862d607104401c2f8cba0b2eeb6\" style=\"font-size:25px\"><strong><em>El \u00faltimo s\u00e1bado, la juventud sanvicentina, junto a un gran marco de p\u00fablico cerr\u00f3 la Estudiantina 2025 frente a la casa de la cultura<\/em><\/strong><\/p>\n\n\n\n<p>En una noche con excelente clima, con asistencia de mucho p\u00fablico, se eligieron al rey y la reina de los estudiantes 2025.<\/p>\n\n\n\n<p>De esta manera Mar\u00eda Valentina G\u00f3mez Regis, de la Escuela Normal 13 fue electa Reina, en tanto, Oriana M\u00fcller, del BOP 113, fue electa primera princesa e Ingrid Pi\u00f1eiro del Instituto de Ense\u00f1anza Agropecuaria y Electromec\u00e1nica N\u00b0 3, fue electa segunda princesa.<\/p>\n\n\n\n<figure class=\"wp-block-image\"><img fetchpriority=\"high\" decoding=\"async\" width=\"1024\" height=\"605\" src=\"https:\/\/fmloslapachos.com.ar\/wp\/wp-content\/uploads\/2025\/10\/image-1024x605.png\" alt=\"\" class=\"wp-image-1557\" srcset=\"https:\/\/fmloslapachos.com.ar\/wp\/wp-content\/uploads\/2025\/10\/image-1024x605.png 1024w, https:\/\/fmloslapachos.com.ar\/wp\/wp-content\/uploads\/2025\/10\/image-300x177.png 300w, https:\/\/fmloslapachos.com.ar\/wp\/wp-content\/uploads\/2025\/10\/image-768x454.png 768w, https:\/\/fmloslapachos.com.ar\/wp\/wp-content\/uploads\/2025\/10\/image.png 1157w\" sizes=\"(max-width: 1024px) 100vw, 1024px\" \/><\/figure>\n\n\n\n<p>Marcos Emanuel Da Silva, fue electo Rey de los estudiantes, mientras que,<br>Daniel De Lima, de la EPET 21 es el primer principe y Manuel Iv\u00e1n Gacek fue electo segundo pr\u00edncipe.<\/p>\n\n\n\n<figure class=\"wp-block-image\"><img decoding=\"async\" width=\"1024\" height=\"771\" src=\"https:\/\/fmloslapachos.com.ar\/wp\/wp-content\/uploads\/2025\/10\/image-1-1024x771.png\" alt=\"\" class=\"wp-image-1559\" style=\"aspect-ratio:16\/9;object-fit:cover\" srcset=\"https:\/\/fmloslapachos.com.ar\/wp\/wp-content\/uploads\/2025\/10\/image-1-1024x771.png 1024w, https:\/\/fmloslapachos.com.ar\/wp\/wp-content\/uploads\/2025\/10\/image-1-300x226.png 300w, https:\/\/fmloslapachos.com.ar\/wp\/wp-content\/uploads\/2025\/10\/image-1-768x578.png 768w, https:\/\/fmloslapachos.com.ar\/wp\/wp-content\/uploads\/2025\/10\/image-1.png 1221w\" sizes=\"(max-width: 1024px) 100vw, 1024px\" \/><\/figure>\n\n\n\n<p>La organizaci\u00f3n estuvo a cargo de ASES, el \u00c1rea de la Juventud y la Municipalidad de San Vicente.<\/p>\n\n\n\n<figure class=\"wp-block-image\"><img decoding=\"async\" width=\"647\" height=\"481\" src=\"https:\/\/fmloslapachos.com.ar\/wp\/wp-content\/uploads\/2025\/10\/Captura-de-pantalla-2025-10-12-213907-1.jpg\" alt=\"\" class=\"wp-image-1561\" style=\"aspect-ratio:3\/2;object-fit:cover\" srcset=\"https:\/\/fmloslapachos.com.ar\/wp\/wp-content\/uploads\/2025\/10\/Captura-de-pantalla-2025-10-12-213907-1.jpg 647w, https:\/\/fmloslapachos.com.ar\/wp\/wp-content\/uploads\/2025\/10\/Captura-de-pantalla-2025-10-12-213907-1-300x223.jpg 300w\" sizes=\"(max-width: 647px) 100vw, 647px\" \/><\/figure>\n","protected":false},"excerpt":{"rendered":"<p>El \u00faltimo s\u00e1bado, la juventud sanvicentina, junto a un gran marco de p\u00fablico cerr\u00f3 la Estudiantina 2025 frente a la casa de la cultura En una noche con excelente clima, con asistencia de mucho p\u00fablico, se eligieron al rey y la reina de los estudiantes 2025. De esta manera Mar\u00eda Valentina G\u00f3mez Regis, de la [&hellip;]<\/p>\n","protected":false},"author":1,"featured_media":1560,"comment_status":"open","ping_status":"open","sticky":false,"template":"","format":"standard","meta":{"footnotes":""},"categories":[3,4],"tags":[],"class_list":["post-1554","post","type-post","status-publish","format-standard","has-post-thumbnail","hentry","category-provincial","category-san-vicente"],"amp_enabled":true,"_links":{"self":[{"href":"https:\/\/fmloslapachos.com.ar\/index.php?rest_route=\/wp\/v2\/posts\/1554","targetHints":{"allow":["GET"]}}],"collection":[{"href":"https:\/\/fmloslapachos.com.ar\/index.php?rest_route=\/wp\/v2\/posts"}],"about":[{"href":"https:\/\/fmloslapachos.com.ar\/index.php?rest_route=\/wp\/v2\/types\/post"}],"author":[{"embeddable":true,"href":"https:\/\/fmloslapachos.com.ar\/index.php?rest_route=\/wp\/v2\/users\/1"}],"replies":[{"embeddable":true,"href":"https:\/\/fmloslapachos.com.ar\/index.php?rest_route=%2Fwp%2Fv2%2Fcomments&post=1554"}],"version-history":[{"count":1,"href":"https:\/\/fmloslapachos.com.ar\/index.php?rest_route=\/wp\/v2\/posts\/1554\/revisions"}],"predecessor-version":[{"id":1562,"href":"https:\/\/fmloslapachos.com.ar\/index.php?rest_route=\/wp\/v2\/posts\/1554\/revisions\/1562"}],"wp:featuredmedia":[{"embeddable":true,"href":"https:\/\/fmloslapachos.com.ar\/index.php?rest_route=\/wp\/v2\/media\/1560"}],"wp:attachment":[{"href":"https:\/\/fmloslapachos.com.ar\/index.php?rest_route=%2Fwp%2Fv2%2Fmedia&parent=1554"}],"wp:term":[{"taxonomy":"category","embeddable":true,"href":"https:\/\/fmloslapachos.com.ar\/index.php?rest_route=%2Fwp%2Fv2%2Fcategories&post=1554"},{"taxonomy":"post_tag","embeddable":true,"href":"https:\/\/fmloslapachos.com.ar\/index.php?rest_route=%2Fwp%2Fv2%2Ftags&post=1554"}],"curies":[{"name":"wp","href":"https:\/\/api.w.org\/{rel}","templated":true}]}}