{"id":1530,"date":"2025-09-27T01:40:11","date_gmt":"2025-09-27T01:40:11","guid":{"rendered":"https:\/\/fmloslapachos.com.ar\/?p=1530"},"modified":"2025-09-27T01:40:14","modified_gmt":"2025-09-27T01:40:14","slug":"misiones-participara-en-la-feria-internacional-de-turismo","status":"publish","type":"post","link":"https:\/\/fmloslapachos.com.ar\/?p=1530","title":{"rendered":"Misiones participar\u00e1 en la Feria Internacional de Turismo"},"content":{"rendered":"\n<p>La provincia presentar\u00e1 una propuesta que combina naturaleza y tecnolog\u00eda para posicionarse como un destino tur\u00edstico inteligente y sostenible<\/p>\n\n\n\n<p>La edici\u00f3n 2025 de la Feria Internacional de Turismo (FIT), el evento m\u00e1s importante de la industria en Am\u00e9rica Latina, que reunir\u00e1 a destinos, empresas y profesionales de todo el mundo en la Ciudad de Buenos Aires.<\/p>\n\n\n\n<p>Durante cuatro jornadas, la tierra colorada mostrar\u00e1 su identidad tur\u00edstica en un espacio que ser\u00e1 ideal para generar nuevas oportunidades, alianzas estrat\u00e9gicas y negocios. La provincia llegar\u00e1 a la feria con el foco puesto en la innovaci\u00f3n, la tecnolog\u00eda y la sostenibilidad, las cuales se integran para mejorar la experiencia del visitante.<\/p>\n\n\n\n<figure class=\"wp-block-image\"><img fetchpriority=\"high\" decoding=\"async\" width=\"858\" height=\"536\" src=\"https:\/\/fmloslapachos.com.ar\/wp\/wp-content\/uploads\/2025\/09\/image-23.png\" alt=\"\" class=\"wp-image-1533\" srcset=\"https:\/\/fmloslapachos.com.ar\/wp\/wp-content\/uploads\/2025\/09\/image-23.png 858w, https:\/\/fmloslapachos.com.ar\/wp\/wp-content\/uploads\/2025\/09\/image-23-300x187.png 300w, https:\/\/fmloslapachos.com.ar\/wp\/wp-content\/uploads\/2025\/09\/image-23-768x480.png 768w\" sizes=\"(max-width: 858px) 100vw, 858px\" \/><\/figure>\n\n\n\n<p>Con los ejes de promoci\u00f3n institucional, se pondr\u00e1 en valor la oferta natural de la selva, los r\u00edos, los saltos y cascadas, junto a los sabores de la gastronom\u00eda regional. El stand de Misiones contar\u00e1 con la presencia de municipios que trabajan en conjunto para potenciar las diferentes regiones de la provincia y transmitir as\u00ed una oferta tur\u00edstica comunitaria y de cercan\u00eda, adem\u00e1s de representantes de 30 empresas, quienes tambi\u00e9n participar\u00e1n de las rondas de negocios, un espacio estrat\u00e9gico para potenciar la comercializaci\u00f3n tur\u00edstica.<\/p>\n\n\n\n<figure class=\"wp-block-image\"><img decoding=\"async\" width=\"857\" height=\"530\" src=\"https:\/\/fmloslapachos.com.ar\/wp\/wp-content\/uploads\/2025\/09\/image-24.png\" alt=\"\" class=\"wp-image-1534\" srcset=\"https:\/\/fmloslapachos.com.ar\/wp\/wp-content\/uploads\/2025\/09\/image-24.png 857w, https:\/\/fmloslapachos.com.ar\/wp\/wp-content\/uploads\/2025\/09\/image-24-300x186.png 300w, https:\/\/fmloslapachos.com.ar\/wp\/wp-content\/uploads\/2025\/09\/image-24-768x475.png 768w\" sizes=\"(max-width: 857px) 100vw, 857px\" \/><\/figure>\n\n\n\n<p>De esta manera, la provincia fortalece su posici\u00f3n en un espacio vidriera del turismo latinoamericano, reafirmando su compromiso con un desarrollo tur\u00edstico innovador, sostenible e inclusivo.<\/p>\n\n\n\n<p><\/p>\n","protected":false},"excerpt":{"rendered":"<p>La provincia presentar\u00e1 una propuesta que combina naturaleza y tecnolog\u00eda para posicionarse como un destino tur\u00edstico inteligente y sostenible La edici\u00f3n 2025 de la Feria Internacional de Turismo (FIT), el evento m\u00e1s importante de la industria en Am\u00e9rica Latina, que reunir\u00e1 a destinos, empresas y profesionales de todo el mundo en la Ciudad de Buenos [&hellip;]<\/p>\n","protected":false},"author":1,"featured_media":1535,"comment_status":"open","ping_status":"open","sticky":false,"template":"","format":"standard","meta":{"footnotes":""},"categories":[3],"tags":[],"class_list":["post-1530","post","type-post","status-publish","format-standard","has-post-thumbnail","hentry","category-provincial"],"amp_enabled":true,"_links":{"self":[{"href":"https:\/\/fmloslapachos.com.ar\/index.php?rest_route=\/wp\/v2\/posts\/1530","targetHints":{"allow":["GET"]}}],"collection":[{"href":"https:\/\/fmloslapachos.com.ar\/index.php?rest_route=\/wp\/v2\/posts"}],"about":[{"href":"https:\/\/fmloslapachos.com.ar\/index.php?rest_route=\/wp\/v2\/types\/post"}],"author":[{"embeddable":true,"href":"https:\/\/fmloslapachos.com.ar\/index.php?rest_route=\/wp\/v2\/users\/1"}],"replies":[{"embeddable":true,"href":"https:\/\/fmloslapachos.com.ar\/index.php?rest_route=%2Fwp%2Fv2%2Fcomments&post=1530"}],"version-history":[{"count":1,"href":"https:\/\/fmloslapachos.com.ar\/index.php?rest_route=\/wp\/v2\/posts\/1530\/revisions"}],"predecessor-version":[{"id":1536,"href":"https:\/\/fmloslapachos.com.ar\/index.php?rest_route=\/wp\/v2\/posts\/1530\/revisions\/1536"}],"wp:featuredmedia":[{"embeddable":true,"href":"https:\/\/fmloslapachos.com.ar\/index.php?rest_route=\/wp\/v2\/media\/1535"}],"wp:attachment":[{"href":"https:\/\/fmloslapachos.com.ar\/index.php?rest_route=%2Fwp%2Fv2%2Fmedia&parent=1530"}],"wp:term":[{"taxonomy":"category","embeddable":true,"href":"https:\/\/fmloslapachos.com.ar\/index.php?rest_route=%2Fwp%2Fv2%2Fcategories&post=1530"},{"taxonomy":"post_tag","embeddable":true,"href":"https:\/\/fmloslapachos.com.ar\/index.php?rest_route=%2Fwp%2Fv2%2Ftags&post=1530"}],"curies":[{"name":"wp","href":"https:\/\/api.w.org\/{rel}","templated":true}]}}