{"id":1513,"date":"2025-09-24T14:18:17","date_gmt":"2025-09-24T14:18:17","guid":{"rendered":"https:\/\/fmloslapachos.com.ar\/?p=1513"},"modified":"2025-09-24T14:18:19","modified_gmt":"2025-09-24T14:18:19","slug":"guardaparques-realizaron-patrullajes-en-el-campo-san-juan","status":"publish","type":"post","link":"https:\/\/fmloslapachos.com.ar\/?p=1513","title":{"rendered":"Guardaparques realizaron patrullajes en el Campo San Juan"},"content":{"rendered":"\n<p class=\"has-vivid-cyan-blue-color has-text-color has-link-color wp-elements-6f07298939ce711c3f0248facc990b8a\" style=\"font-size:25px\"><strong><em>Se detectaron indicios de actividades il\u00edcitas dentro del \u00e1rea protegida durante una patrulla de exploraci\u00f3n y reconocimiento en un sector poco relevado del espacio<\/em><\/strong><\/p>\n\n\n\n<p>Como parte de las actividades programadas, durante el operativo, guardaparques de Naci\u00f3n y del Ministerio de Ecolog\u00eda y Recursos Naturales Renovables de Misiones procedieron a realizar tareas de mantenimiento de las picadas de control, infraestructura que facilita la vigilancia y el monitoreo constante del Parque.<\/p>\n\n\n\n<figure class=\"wp-block-image\"><img fetchpriority=\"high\" decoding=\"async\" width=\"1023\" height=\"629\" src=\"https:\/\/fmloslapachos.com.ar\/wp\/wp-content\/uploads\/2025\/09\/image-19.png\" alt=\"\" class=\"wp-image-1516\" srcset=\"https:\/\/fmloslapachos.com.ar\/wp\/wp-content\/uploads\/2025\/09\/image-19.png 1023w, https:\/\/fmloslapachos.com.ar\/wp\/wp-content\/uploads\/2025\/09\/image-19-300x184.png 300w, https:\/\/fmloslapachos.com.ar\/wp\/wp-content\/uploads\/2025\/09\/image-19-768x472.png 768w\" sizes=\"(max-width: 1023px) 100vw, 1023px\" \/><\/figure>\n\n\n\n<p>En ese sentido constataron la presencia de una embarcaci\u00f3n a motor con cuatro personas que practicaban pesca furtiva en el r\u00edo Paran\u00e1. Esta acci\u00f3n contraviene la veda de pesca total y permanente establecida para todo el tramo del parque por la Resoluci\u00f3n 113\/24 del Ministerio de Ecolog\u00eda. Ante este hallazgo, los guardaparques solicitaron el apoyo de la Prefectura Naval Argentina, dependencia Santa Ana.<\/p>\n\n\n\n<figure class=\"wp-block-image\"><img decoding=\"async\" width=\"800\" height=\"533\" src=\"https:\/\/fmloslapachos.com.ar\/wp\/wp-content\/uploads\/2025\/09\/image-20.png\" alt=\"\" class=\"wp-image-1517\" style=\"aspect-ratio:16\/9;object-fit:cover\" srcset=\"https:\/\/fmloslapachos.com.ar\/wp\/wp-content\/uploads\/2025\/09\/image-20.png 800w, https:\/\/fmloslapachos.com.ar\/wp\/wp-content\/uploads\/2025\/09\/image-20-300x200.png 300w, https:\/\/fmloslapachos.com.ar\/wp\/wp-content\/uploads\/2025\/09\/image-20-768x512.png 768w\" sizes=\"(max-width: 800px) 100vw, 800px\" \/><\/figure>\n\n\n\n<p>En la oportunidad, tambi\u00e9n se registraron importantes hallazgos de fauna y flora nativa en el sector, como la presencia de monos aulladores, varias especies de orqu\u00eddeas y ejemplares arb\u00f3reos de gran porte, lo que reafirma el valor ecol\u00f3gico de la zona bajo protecci\u00f3n.<\/p>\n\n\n\n<p>Fuetne: MEyRNR Misiones<\/p>\n","protected":false},"excerpt":{"rendered":"<p>Se detectaron indicios de actividades il\u00edcitas dentro del \u00e1rea protegida durante una patrulla de exploraci\u00f3n y reconocimiento en un sector poco relevado del espacio Como parte de las actividades programadas, durante el operativo, guardaparques de Naci\u00f3n y del Ministerio de Ecolog\u00eda y Recursos Naturales Renovables de Misiones procedieron a realizar tareas de mantenimiento de las [&hellip;]<\/p>\n","protected":false},"author":1,"featured_media":1518,"comment_status":"open","ping_status":"open","sticky":false,"template":"","format":"standard","meta":{"footnotes":""},"categories":[3],"tags":[],"class_list":["post-1513","post","type-post","status-publish","format-standard","has-post-thumbnail","hentry","category-provincial"],"amp_enabled":true,"_links":{"self":[{"href":"https:\/\/fmloslapachos.com.ar\/index.php?rest_route=\/wp\/v2\/posts\/1513","targetHints":{"allow":["GET"]}}],"collection":[{"href":"https:\/\/fmloslapachos.com.ar\/index.php?rest_route=\/wp\/v2\/posts"}],"about":[{"href":"https:\/\/fmloslapachos.com.ar\/index.php?rest_route=\/wp\/v2\/types\/post"}],"author":[{"embeddable":true,"href":"https:\/\/fmloslapachos.com.ar\/index.php?rest_route=\/wp\/v2\/users\/1"}],"replies":[{"embeddable":true,"href":"https:\/\/fmloslapachos.com.ar\/index.php?rest_route=%2Fwp%2Fv2%2Fcomments&post=1513"}],"version-history":[{"count":1,"href":"https:\/\/fmloslapachos.com.ar\/index.php?rest_route=\/wp\/v2\/posts\/1513\/revisions"}],"predecessor-version":[{"id":1519,"href":"https:\/\/fmloslapachos.com.ar\/index.php?rest_route=\/wp\/v2\/posts\/1513\/revisions\/1519"}],"wp:featuredmedia":[{"embeddable":true,"href":"https:\/\/fmloslapachos.com.ar\/index.php?rest_route=\/wp\/v2\/media\/1518"}],"wp:attachment":[{"href":"https:\/\/fmloslapachos.com.ar\/index.php?rest_route=%2Fwp%2Fv2%2Fmedia&parent=1513"}],"wp:term":[{"taxonomy":"category","embeddable":true,"href":"https:\/\/fmloslapachos.com.ar\/index.php?rest_route=%2Fwp%2Fv2%2Fcategories&post=1513"},{"taxonomy":"post_tag","embeddable":true,"href":"https:\/\/fmloslapachos.com.ar\/index.php?rest_route=%2Fwp%2Fv2%2Ftags&post=1513"}],"curies":[{"name":"wp","href":"https:\/\/api.w.org\/{rel}","templated":true}]}}