{"id":1503,"date":"2025-09-23T02:00:26","date_gmt":"2025-09-23T02:00:26","guid":{"rendered":"https:\/\/fmloslapachos.com.ar\/?p=1503"},"modified":"2025-09-23T02:00:29","modified_gmt":"2025-09-23T02:00:29","slug":"mas-de-300-egresados-celebraron-su-graduacion-en-el-sipted-en-obera","status":"publish","type":"post","link":"https:\/\/fmloslapachos.com.ar\/?p=1503","title":{"rendered":"M\u00e1s de 300 egresados celebraron su graduaci\u00f3n en el SIPTED en Ober\u00e1"},"content":{"rendered":"\n<p class=\"has-vivid-cyan-blue-color has-text-color has-link-color wp-elements-d9fb684ff5329946d82f8b0269b0fde3\" style=\"font-size:25px\"><strong><em>El Sistema Provincial de Teleducaci\u00f3n y Desarrollo celebr\u00f3 la graduaci\u00f3n de estudiantes que culminaron sus estudios primarios y secundarios<\/em><\/strong><\/p>\n\n\n\n<p>Egresados de 24 municipios de la Zona Centro de Misiones, acompa\u00f1ados por sus familias y amigos, recibieron sus diplomas como un merecido reconocimiento a su esfuerzo y dedicaci\u00f3n.<br>La jornada, cargada de alegr\u00eda y orgullo, cont\u00f3 con la presencia de autoridades provinciales y municipales, as\u00ed como del equipo del SIPTED, quienes celebraron este hito educativo. Los nuevos egresados representan un ejemplo de perseverancia y superaci\u00f3n, demostrando que la edad y las circunstancias no son un impedimento para alcanzar las metas.<\/p>\n\n\n\n<figure class=\"wp-block-image\"><img fetchpriority=\"high\" decoding=\"async\" width=\"1024\" height=\"684\" src=\"https:\/\/fmloslapachos.com.ar\/wp\/wp-content\/uploads\/2025\/09\/image-17-1024x684.png\" alt=\"\" class=\"wp-image-1506\" style=\"aspect-ratio:16\/9;object-fit:cover\" srcset=\"https:\/\/fmloslapachos.com.ar\/wp\/wp-content\/uploads\/2025\/09\/image-17-1024x684.png 1024w, https:\/\/fmloslapachos.com.ar\/wp\/wp-content\/uploads\/2025\/09\/image-17-300x200.png 300w, https:\/\/fmloslapachos.com.ar\/wp\/wp-content\/uploads\/2025\/09\/image-17-768x513.png 768w, https:\/\/fmloslapachos.com.ar\/wp\/wp-content\/uploads\/2025\/09\/image-17-1536x1025.png 1536w, https:\/\/fmloslapachos.com.ar\/wp\/wp-content\/uploads\/2025\/09\/image-17.png 1600w\" sizes=\"(max-width: 1024px) 100vw, 1024px\" \/><\/figure>\n\n\n\n<p>La labor del SIPTED fue reconocida por las m\u00e1ximas autoridades de la provincia. En el marco del evento, la Honorable C\u00e1mara de Representantes de Misiones, a trav\u00e9s del diputado provincial y presidente de la C\u00e1mara, Oscar Alberto Herrera Ahuad, la diputada Astrid Baetke y el diputado Rafael Pereyra Pigerl, entreg\u00f3 la Declaraci\u00f3n de Inter\u00e9s Provincial a los Actos de Egresados.<br>Asimismo, los diputados nacionales Yamila Ruiz y Carlos Fern\u00e1ndez presentaron el proyecto para declarar los actos de la instituci\u00f3n de Inter\u00e9s Nacional.<\/p>\n\n\n\n<figure class=\"wp-block-image\"><img decoding=\"async\" width=\"1024\" height=\"684\" src=\"https:\/\/fmloslapachos.com.ar\/wp\/wp-content\/uploads\/2025\/09\/image-18-1024x684.png\" alt=\"\" class=\"wp-image-1507\" style=\"aspect-ratio:16\/9;object-fit:cover\" srcset=\"https:\/\/fmloslapachos.com.ar\/wp\/wp-content\/uploads\/2025\/09\/image-18-1024x684.png 1024w, https:\/\/fmloslapachos.com.ar\/wp\/wp-content\/uploads\/2025\/09\/image-18-300x200.png 300w, https:\/\/fmloslapachos.com.ar\/wp\/wp-content\/uploads\/2025\/09\/image-18-768x513.png 768w, https:\/\/fmloslapachos.com.ar\/wp\/wp-content\/uploads\/2025\/09\/image-18-1536x1025.png 1536w, https:\/\/fmloslapachos.com.ar\/wp\/wp-content\/uploads\/2025\/09\/image-18.png 1600w\" sizes=\"(max-width: 1024px) 100vw, 1024px\" \/><\/figure>\n\n\n\n<p>Con 40 a\u00f1os de trayectoria, el SIPTED se ha consolidado como un pilar fundamental para la educaci\u00f3n de j\u00f3venes y adultos en Misiones. Con un sistema \u00fanico en el pa\u00eds, ofrece una educaci\u00f3n p\u00fablica, libre y gratuita que permite a los estudiantes finalizar sus estudios sin dejar sus lugares de origen, trabajos o familias. Esta herramienta educativa es de y para todos los misioneros, gracias a la inversi\u00f3n y al trabajo articulado entre diversas instituciones y el Gobierno Provincial.<\/p>\n","protected":false},"excerpt":{"rendered":"<p>El Sistema Provincial de Teleducaci\u00f3n y Desarrollo celebr\u00f3 la graduaci\u00f3n de estudiantes que culminaron sus estudios primarios y secundarios Egresados de 24 municipios de la Zona Centro de Misiones, acompa\u00f1ados por sus familias y amigos, recibieron sus diplomas como un merecido reconocimiento a su esfuerzo y dedicaci\u00f3n.La jornada, cargada de alegr\u00eda y orgullo, cont\u00f3 con [&hellip;]<\/p>\n","protected":false},"author":1,"featured_media":1508,"comment_status":"open","ping_status":"open","sticky":false,"template":"","format":"standard","meta":{"footnotes":""},"categories":[3],"tags":[],"class_list":["post-1503","post","type-post","status-publish","format-standard","has-post-thumbnail","hentry","category-provincial"],"amp_enabled":true,"_links":{"self":[{"href":"https:\/\/fmloslapachos.com.ar\/index.php?rest_route=\/wp\/v2\/posts\/1503","targetHints":{"allow":["GET"]}}],"collection":[{"href":"https:\/\/fmloslapachos.com.ar\/index.php?rest_route=\/wp\/v2\/posts"}],"about":[{"href":"https:\/\/fmloslapachos.com.ar\/index.php?rest_route=\/wp\/v2\/types\/post"}],"author":[{"embeddable":true,"href":"https:\/\/fmloslapachos.com.ar\/index.php?rest_route=\/wp\/v2\/users\/1"}],"replies":[{"embeddable":true,"href":"https:\/\/fmloslapachos.com.ar\/index.php?rest_route=%2Fwp%2Fv2%2Fcomments&post=1503"}],"version-history":[{"count":1,"href":"https:\/\/fmloslapachos.com.ar\/index.php?rest_route=\/wp\/v2\/posts\/1503\/revisions"}],"predecessor-version":[{"id":1509,"href":"https:\/\/fmloslapachos.com.ar\/index.php?rest_route=\/wp\/v2\/posts\/1503\/revisions\/1509"}],"wp:featuredmedia":[{"embeddable":true,"href":"https:\/\/fmloslapachos.com.ar\/index.php?rest_route=\/wp\/v2\/media\/1508"}],"wp:attachment":[{"href":"https:\/\/fmloslapachos.com.ar\/index.php?rest_route=%2Fwp%2Fv2%2Fmedia&parent=1503"}],"wp:term":[{"taxonomy":"category","embeddable":true,"href":"https:\/\/fmloslapachos.com.ar\/index.php?rest_route=%2Fwp%2Fv2%2Fcategories&post=1503"},{"taxonomy":"post_tag","embeddable":true,"href":"https:\/\/fmloslapachos.com.ar\/index.php?rest_route=%2Fwp%2Fv2%2Ftags&post=1503"}],"curies":[{"name":"wp","href":"https:\/\/api.w.org\/{rel}","templated":true}]}}