{"id":1497,"date":"2025-09-22T02:39:36","date_gmt":"2025-09-22T02:39:36","guid":{"rendered":"https:\/\/fmloslapachos.com.ar\/?p=1497"},"modified":"2025-09-22T02:39:38","modified_gmt":"2025-09-22T02:39:38","slug":"fernanda-schropffer-fue-electa-reina-del-maderero","status":"publish","type":"post","link":"https:\/\/fmloslapachos.com.ar\/?p=1497","title":{"rendered":"Fernanda Schropffer fue electa reina del maderero"},"content":{"rendered":"\n<p class=\"has-vivid-cyan-blue-color has-text-color has-link-color wp-elements-2b0467cdc8d498b849fbd50635cc06a4\" style=\"font-size:25px\"><strong><em>La flamante soberana local, representar\u00e1 a San Vicente en la 40\u00b0 Fiesta Nacional de la Madera a realizarse en noviembre<\/em><\/strong><\/p>\n\n\n\n<p>Con una variaci\u00f3n contemplada por parte de la organizaci\u00f3n, por causas clim\u00e1ticas, la elecci\u00f3n de la reina del maderero se realiz\u00f3 en el SUM de la Casa de la Cultura de esta ciudad. <\/p>\n\n\n\n<p>Con la presencia de las autoridades municipales, encabezadas por el intendente municipal Fabi\u00e1n Rodr\u00edguez y p\u00fablico que se dio cita al evento, luego de un arduo trabajo del jurado integrado por Luciana Arredondo, Daniel G\u00f3mez, Candela Rodr\u00edguez, An\u00edbal L\u00f3pez y Brenda Maciel, se pudo conocer a la nueva reina del maderero.<\/p>\n\n\n\n<figure class=\"wp-block-image\"><img fetchpriority=\"high\" decoding=\"async\" width=\"970\" height=\"517\" src=\"https:\/\/fmloslapachos.com.ar\/wp\/wp-content\/uploads\/2025\/09\/Captura-de-pantalla-2025-09-21-232715.jpg\" alt=\"\" class=\"wp-image-1500\" srcset=\"https:\/\/fmloslapachos.com.ar\/wp\/wp-content\/uploads\/2025\/09\/Captura-de-pantalla-2025-09-21-232715.jpg 970w, https:\/\/fmloslapachos.com.ar\/wp\/wp-content\/uploads\/2025\/09\/Captura-de-pantalla-2025-09-21-232715-300x160.jpg 300w, https:\/\/fmloslapachos.com.ar\/wp\/wp-content\/uploads\/2025\/09\/Captura-de-pantalla-2025-09-21-232715-768x409.jpg 768w\" sizes=\"(max-width: 970px) 100vw, 970px\" \/><\/figure>\n\n\n\n<p>De esta manera, Fernanda Schropffer, quien en su infancia fuera Mis Arbolito, fue electa como reina. En tanto, Antonela Fern\u00e1ndez fue electa primera princesa y Luj\u00e1n Robledo, segunda princesa. Luana Kaiser fue electa reina virtual.<\/p>\n\n\n\n<p>Desde la organizaci\u00f3n, agradecieron a todos los que han colaborado para que se hiciera posible esta elecci\u00f3n, a partir de la cual San Vicente tiene una nueva representante para la edici\u00f3n n\u00famero cuarenta de la Fiesta Nacional de la Madera, en el mes de noviembre.<\/p>\n","protected":false},"excerpt":{"rendered":"<p>La flamante soberana local, representar\u00e1 a San Vicente en la 40\u00b0 Fiesta Nacional de la Madera a realizarse en noviembre Con una variaci\u00f3n contemplada por parte de la organizaci\u00f3n, por causas clim\u00e1ticas, la elecci\u00f3n de la reina del maderero se realiz\u00f3 en el SUM de la Casa de la Cultura de esta ciudad. Con la [&hellip;]<\/p>\n","protected":false},"author":1,"featured_media":1501,"comment_status":"open","ping_status":"open","sticky":false,"template":"","format":"standard","meta":{"footnotes":""},"categories":[3],"tags":[],"class_list":["post-1497","post","type-post","status-publish","format-standard","has-post-thumbnail","hentry","category-provincial"],"amp_enabled":true,"_links":{"self":[{"href":"https:\/\/fmloslapachos.com.ar\/index.php?rest_route=\/wp\/v2\/posts\/1497","targetHints":{"allow":["GET"]}}],"collection":[{"href":"https:\/\/fmloslapachos.com.ar\/index.php?rest_route=\/wp\/v2\/posts"}],"about":[{"href":"https:\/\/fmloslapachos.com.ar\/index.php?rest_route=\/wp\/v2\/types\/post"}],"author":[{"embeddable":true,"href":"https:\/\/fmloslapachos.com.ar\/index.php?rest_route=\/wp\/v2\/users\/1"}],"replies":[{"embeddable":true,"href":"https:\/\/fmloslapachos.com.ar\/index.php?rest_route=%2Fwp%2Fv2%2Fcomments&post=1497"}],"version-history":[{"count":1,"href":"https:\/\/fmloslapachos.com.ar\/index.php?rest_route=\/wp\/v2\/posts\/1497\/revisions"}],"predecessor-version":[{"id":1502,"href":"https:\/\/fmloslapachos.com.ar\/index.php?rest_route=\/wp\/v2\/posts\/1497\/revisions\/1502"}],"wp:featuredmedia":[{"embeddable":true,"href":"https:\/\/fmloslapachos.com.ar\/index.php?rest_route=\/wp\/v2\/media\/1501"}],"wp:attachment":[{"href":"https:\/\/fmloslapachos.com.ar\/index.php?rest_route=%2Fwp%2Fv2%2Fmedia&parent=1497"}],"wp:term":[{"taxonomy":"category","embeddable":true,"href":"https:\/\/fmloslapachos.com.ar\/index.php?rest_route=%2Fwp%2Fv2%2Fcategories&post=1497"},{"taxonomy":"post_tag","embeddable":true,"href":"https:\/\/fmloslapachos.com.ar\/index.php?rest_route=%2Fwp%2Fv2%2Ftags&post=1497"}],"curies":[{"name":"wp","href":"https:\/\/api.w.org\/{rel}","templated":true}]}}