{"id":1474,"date":"2025-09-15T01:19:14","date_gmt":"2025-09-15T01:19:14","guid":{"rendered":"https:\/\/fmloslapachos.com.ar\/?p=1474"},"modified":"2025-09-15T01:19:18","modified_gmt":"2025-09-15T01:19:18","slug":"con-mucho-exito-se-realizo-el-eco-canje-en-capiovi","status":"publish","type":"post","link":"https:\/\/fmloslapachos.com.ar\/?p=1474","title":{"rendered":"Con mucho \u00e9xito se realiz\u00f3 el Eco Canje en Capiov\u00ed"},"content":{"rendered":"\n<p class=\"has-vivid-cyan-blue-color has-text-color has-link-color wp-elements-f557d59701573cf231c1553145d615c5\" style=\"font-size:25px\"><strong><em>Se realiz\u00f3 en la Plaza Los Pioneros de Capiovi, que ya se afianzan en la comunidad como una posibilidad de cuidar el ambiente canjeando materiales reciclables por plantines, mermeladas y abonos.<\/em><\/strong><\/p>\n\n\n\n<p>El mismo intendente Ram\u00f3n Arr\u00faa se acerc\u00f3 y acompa\u00f1\u00f3 a los vecinos que una vez m\u00e1s aceptaron la propuesta del municipio. En la jornada, Arr\u00faa aprovevho para saludar a los participantes.<\/p>\n\n\n\n<p>Desde el ejecutivo agradecen y felicitan a Daniel Schmidel y a Silvia Graef, quienes desde la Direcci\u00f3n de Agricultura, Producci\u00f3n y Desarrollo Sostenible y el CIC local, organizaron la actividad.<\/p>\n\n\n\n<figure class=\"wp-block-image\"><img fetchpriority=\"high\" decoding=\"async\" width=\"1024\" height=\"587\" src=\"https:\/\/fmloslapachos.com.ar\/wp\/wp-content\/uploads\/2025\/09\/image-14-1024x587.png\" alt=\"\" class=\"wp-image-1478\" srcset=\"https:\/\/fmloslapachos.com.ar\/wp\/wp-content\/uploads\/2025\/09\/image-14-1024x587.png 1024w, https:\/\/fmloslapachos.com.ar\/wp\/wp-content\/uploads\/2025\/09\/image-14-300x172.png 300w, https:\/\/fmloslapachos.com.ar\/wp\/wp-content\/uploads\/2025\/09\/image-14-768x440.png 768w, https:\/\/fmloslapachos.com.ar\/wp\/wp-content\/uploads\/2025\/09\/image-14.png 1027w\" sizes=\"(max-width: 1024px) 100vw, 1024px\" \/><\/figure>\n\n\n\n<p>Ademas hacen extensivo el agradecimiento a los empleados municipales que se sumaron al eco canje, y a los vecinos por acercarse con sus residuos inorg\u00e1nicos. Este tipo de aventos destaca el compromiso de de la comunidad en el cuidado del medio ambiente.<\/p>\n\n\n\n<figure class=\"wp-block-image\"><img decoding=\"async\" width=\"1024\" height=\"567\" src=\"https:\/\/fmloslapachos.com.ar\/wp\/wp-content\/uploads\/2025\/09\/image-15-1024x567.png\" alt=\"\" class=\"wp-image-1479\" srcset=\"https:\/\/fmloslapachos.com.ar\/wp\/wp-content\/uploads\/2025\/09\/image-15-1024x567.png 1024w, https:\/\/fmloslapachos.com.ar\/wp\/wp-content\/uploads\/2025\/09\/image-15-300x166.png 300w, https:\/\/fmloslapachos.com.ar\/wp\/wp-content\/uploads\/2025\/09\/image-15-768x425.png 768w, https:\/\/fmloslapachos.com.ar\/wp\/wp-content\/uploads\/2025\/09\/image-15.png 1038w\" sizes=\"(max-width: 1024px) 100vw, 1024px\" \/><\/figure>\n\n\n\n<p><\/p>\n","protected":false},"excerpt":{"rendered":"<p>Se realiz\u00f3 en la Plaza Los Pioneros de Capiovi, que ya se afianzan en la comunidad como una posibilidad de cuidar el ambiente canjeando materiales reciclables por plantines, mermeladas y abonos. El mismo intendente Ram\u00f3n Arr\u00faa se acerc\u00f3 y acompa\u00f1\u00f3 a los vecinos que una vez m\u00e1s aceptaron la propuesta del municipio. En la jornada, [&hellip;]<\/p>\n","protected":false},"author":1,"featured_media":1480,"comment_status":"open","ping_status":"open","sticky":false,"template":"","format":"standard","meta":{"footnotes":""},"categories":[3],"tags":[],"class_list":["post-1474","post","type-post","status-publish","format-standard","has-post-thumbnail","hentry","category-provincial"],"amp_enabled":true,"_links":{"self":[{"href":"https:\/\/fmloslapachos.com.ar\/index.php?rest_route=\/wp\/v2\/posts\/1474","targetHints":{"allow":["GET"]}}],"collection":[{"href":"https:\/\/fmloslapachos.com.ar\/index.php?rest_route=\/wp\/v2\/posts"}],"about":[{"href":"https:\/\/fmloslapachos.com.ar\/index.php?rest_route=\/wp\/v2\/types\/post"}],"author":[{"embeddable":true,"href":"https:\/\/fmloslapachos.com.ar\/index.php?rest_route=\/wp\/v2\/users\/1"}],"replies":[{"embeddable":true,"href":"https:\/\/fmloslapachos.com.ar\/index.php?rest_route=%2Fwp%2Fv2%2Fcomments&post=1474"}],"version-history":[{"count":1,"href":"https:\/\/fmloslapachos.com.ar\/index.php?rest_route=\/wp\/v2\/posts\/1474\/revisions"}],"predecessor-version":[{"id":1481,"href":"https:\/\/fmloslapachos.com.ar\/index.php?rest_route=\/wp\/v2\/posts\/1474\/revisions\/1481"}],"wp:featuredmedia":[{"embeddable":true,"href":"https:\/\/fmloslapachos.com.ar\/index.php?rest_route=\/wp\/v2\/media\/1480"}],"wp:attachment":[{"href":"https:\/\/fmloslapachos.com.ar\/index.php?rest_route=%2Fwp%2Fv2%2Fmedia&parent=1474"}],"wp:term":[{"taxonomy":"category","embeddable":true,"href":"https:\/\/fmloslapachos.com.ar\/index.php?rest_route=%2Fwp%2Fv2%2Fcategories&post=1474"},{"taxonomy":"post_tag","embeddable":true,"href":"https:\/\/fmloslapachos.com.ar\/index.php?rest_route=%2Fwp%2Fv2%2Ftags&post=1474"}],"curies":[{"name":"wp","href":"https:\/\/api.w.org\/{rel}","templated":true}]}}