{"id":1457,"date":"2025-09-09T01:28:30","date_gmt":"2025-09-09T01:28:30","guid":{"rendered":"https:\/\/fmloslapachos.com.ar\/?p=1457"},"modified":"2025-09-09T01:28:34","modified_gmt":"2025-09-09T01:28:34","slug":"andresito-vivio-a-pleno-la-30-fiesta-del-agricultor","status":"publish","type":"post","link":"https:\/\/fmloslapachos.com.ar\/?p=1457","title":{"rendered":"Andresito vivi\u00f3 a pleno la 30\u00b0 Fiesta del Agricultor"},"content":{"rendered":"\n<p class=\"has-vivid-cyan-blue-color has-text-color has-link-color wp-elements-5be7ec5758ef9abcabee37e26e2d3780\" style=\"font-size:25px\"><strong><em>Desde el viernes al domingo, la fiesta culmin\u00f3 con la coronaci\u00f3n de la Reina Provincial del Agricultor<\/em><\/strong><\/p>\n\n\n\n<p>Como programa de la 30\u00b0 edici\u00f3n de la fiesta, el publico asistente pudo disfrutar de artistas como Los Mit\u00e1, los Embajadores Culturales del Chamam\u00e9 y la Banda San Marino de Brasil, Cristian y la Ruta, Niendi Bay y Los Forax.<\/p>\n\n\n\n<p>La nueva soberana de la fiesta es la representante de Eldorado Sof\u00eda G\u00f3mez, mientras que Luciana Mierez de Montecarlo fue electa primera princesa y \u00c1ngela Cavalheiro de Puerto Iguaz\u00fa, fue electa segunda princesa.<\/p>\n\n\n\n<figure class=\"wp-block-image\"><img fetchpriority=\"high\" decoding=\"async\" width=\"1024\" height=\"684\" src=\"https:\/\/fmloslapachos.com.ar\/wp\/wp-content\/uploads\/2025\/09\/image-7-1024x684.png\" alt=\"\" class=\"wp-image-1460\" srcset=\"https:\/\/fmloslapachos.com.ar\/wp\/wp-content\/uploads\/2025\/09\/image-7-1024x684.png 1024w, https:\/\/fmloslapachos.com.ar\/wp\/wp-content\/uploads\/2025\/09\/image-7-300x200.png 300w, https:\/\/fmloslapachos.com.ar\/wp\/wp-content\/uploads\/2025\/09\/image-7-768x513.png 768w, https:\/\/fmloslapachos.com.ar\/wp\/wp-content\/uploads\/2025\/09\/image-7.png 1280w\" sizes=\"(max-width: 1024px) 100vw, 1024px\" \/><\/figure>\n\n\n\n<p>En la \u00faltima jornada de la fiesta, el domingo, se realizaron el realizaron el tradicional asado campestre, con toda la carne produccion local de Andresito, de novillo, b\u00fafalo, cerdo y pollo. Ademas en esta ultima jornada se llevo a cabo el desfile de maquinaria agr\u00edcola y agricultores, y el esperado remate ganadero. El cierre se realiz\u00f3 con espect\u00e1culos musicales y el sorteo del bono colaboraci\u00f3n.<\/p>\n","protected":false},"excerpt":{"rendered":"<p>Desde el viernes al domingo, la fiesta culmin\u00f3 con la coronaci\u00f3n de la Reina Provincial del Agricultor Como programa de la 30\u00b0 edici\u00f3n de la fiesta, el publico asistente pudo disfrutar de artistas como Los Mit\u00e1, los Embajadores Culturales del Chamam\u00e9 y la Banda San Marino de Brasil, Cristian y la Ruta, Niendi Bay y [&hellip;]<\/p>\n","protected":false},"author":1,"featured_media":1461,"comment_status":"open","ping_status":"open","sticky":false,"template":"","format":"standard","meta":{"footnotes":""},"categories":[3],"tags":[],"class_list":["post-1457","post","type-post","status-publish","format-standard","has-post-thumbnail","hentry","category-provincial"],"amp_enabled":true,"_links":{"self":[{"href":"https:\/\/fmloslapachos.com.ar\/index.php?rest_route=\/wp\/v2\/posts\/1457","targetHints":{"allow":["GET"]}}],"collection":[{"href":"https:\/\/fmloslapachos.com.ar\/index.php?rest_route=\/wp\/v2\/posts"}],"about":[{"href":"https:\/\/fmloslapachos.com.ar\/index.php?rest_route=\/wp\/v2\/types\/post"}],"author":[{"embeddable":true,"href":"https:\/\/fmloslapachos.com.ar\/index.php?rest_route=\/wp\/v2\/users\/1"}],"replies":[{"embeddable":true,"href":"https:\/\/fmloslapachos.com.ar\/index.php?rest_route=%2Fwp%2Fv2%2Fcomments&post=1457"}],"version-history":[{"count":1,"href":"https:\/\/fmloslapachos.com.ar\/index.php?rest_route=\/wp\/v2\/posts\/1457\/revisions"}],"predecessor-version":[{"id":1462,"href":"https:\/\/fmloslapachos.com.ar\/index.php?rest_route=\/wp\/v2\/posts\/1457\/revisions\/1462"}],"wp:featuredmedia":[{"embeddable":true,"href":"https:\/\/fmloslapachos.com.ar\/index.php?rest_route=\/wp\/v2\/media\/1461"}],"wp:attachment":[{"href":"https:\/\/fmloslapachos.com.ar\/index.php?rest_route=%2Fwp%2Fv2%2Fmedia&parent=1457"}],"wp:term":[{"taxonomy":"category","embeddable":true,"href":"https:\/\/fmloslapachos.com.ar\/index.php?rest_route=%2Fwp%2Fv2%2Fcategories&post=1457"},{"taxonomy":"post_tag","embeddable":true,"href":"https:\/\/fmloslapachos.com.ar\/index.php?rest_route=%2Fwp%2Fv2%2Ftags&post=1457"}],"curies":[{"name":"wp","href":"https:\/\/api.w.org\/{rel}","templated":true}]}}