{"id":1438,"date":"2025-09-02T01:10:10","date_gmt":"2025-09-02T01:10:10","guid":{"rendered":"https:\/\/fmloslapachos.com.ar\/?p=1438"},"modified":"2025-09-02T01:10:14","modified_gmt":"2025-09-02T01:10:14","slug":"la-produccion-ovina-en-misiones-se-consolida-como-una-alternativa-rentable-sostenible-y-con-impacto-positivo","status":"publish","type":"post","link":"https:\/\/fmloslapachos.com.ar\/?p=1438","title":{"rendered":"La producci\u00f3n ovina en Misiones se consolida como una alternativa rentable, sostenible y con impacto positivo."},"content":{"rendered":"\n<p class=\"has-vivid-cyan-blue-color has-text-color has-link-color wp-elements-a5429d191b26b87de25a3b5bfd3b1269\" style=\"font-size:25px\"><strong><em>Actualmente, la provincia cuenta con 847 productores y m\u00e1s de 21.000 cabezas, cifras que reflejan el dinamismo de una cadena en expansi\u00f3n<\/em><\/strong><\/p>\n\n\n\n<p>El Ministerio del Agro y la Producci\u00f3n, junto a la Facultad de Agronom\u00eda y Veterinaria de la Universidad del Salvador, llev\u00f3 adelante en Leandro N. Alem la jornada \u201cGesti\u00f3n y Producci\u00f3n Sustentable: Producci\u00f3n Ovina y Manejo Reproductivo de la Majada\u201d. La propuesta se enmarca en la consolidaci\u00f3n de la ovinocultura como actividad con fuerte impacto social, econ\u00f3mico y productivo. Para el Estado provincial, las capacitaciones en territorio constituyen una herramienta clave que permite a los productores acceder a conocimientos t\u00e9cnicos y mejorar la sustentabilidad de sus majadas.<\/p>\n\n\n\n<figure class=\"wp-block-image\"><img fetchpriority=\"high\" decoding=\"async\" width=\"813\" height=\"470\" src=\"https:\/\/fmloslapachos.com.ar\/wp\/wp-content\/uploads\/2025\/09\/Captura-de-pantalla-2025-09-01-215408.jpeg\" alt=\"\" class=\"wp-image-1441\" style=\"aspect-ratio:16\/9;object-fit:cover\" srcset=\"https:\/\/fmloslapachos.com.ar\/wp\/wp-content\/uploads\/2025\/09\/Captura-de-pantalla-2025-09-01-215408.jpeg 813w, https:\/\/fmloslapachos.com.ar\/wp\/wp-content\/uploads\/2025\/09\/Captura-de-pantalla-2025-09-01-215408-300x173.jpeg 300w, https:\/\/fmloslapachos.com.ar\/wp\/wp-content\/uploads\/2025\/09\/Captura-de-pantalla-2025-09-01-215408-768x444.jpeg 768w\" sizes=\"(max-width: 813px) 100vw, 813px\" \/><\/figure>\n\n\n\n<p>La jornada estuvo a cargo del Director General de Sanidad Animal, Ricardo Spachuk, quien destac\u00f3 que desde la cartera agraria \u201cbuscamos fortalecer los cuatro pilares fundamentales de la producci\u00f3n animal: gen\u00e9tica, manejo, nutrici\u00f3n y sanidad.\u201d En la misma l\u00ednea, el subsecretario de Desarrollo Animal, Carlos Caraves, subray\u00f3 que \u201cson aspectos centrales para mejorar la productividad. Con formaci\u00f3n en territorio buscamos que cada vez m\u00e1s familias puedan sostener esta actividad y proyectar crecimiento\u201d.<\/p>\n\n\n\n<figure class=\"wp-block-image\"><img decoding=\"async\" width=\"798\" height=\"574\" src=\"https:\/\/fmloslapachos.com.ar\/wp\/wp-content\/uploads\/2025\/09\/Captura-de-pantalla-2025-09-01-215344.jpeg\" alt=\"\" class=\"wp-image-1442\" style=\"aspect-ratio:16\/9;object-fit:cover\" srcset=\"https:\/\/fmloslapachos.com.ar\/wp\/wp-content\/uploads\/2025\/09\/Captura-de-pantalla-2025-09-01-215344.jpeg 798w, https:\/\/fmloslapachos.com.ar\/wp\/wp-content\/uploads\/2025\/09\/Captura-de-pantalla-2025-09-01-215344-300x216.jpeg 300w, https:\/\/fmloslapachos.com.ar\/wp\/wp-content\/uploads\/2025\/09\/Captura-de-pantalla-2025-09-01-215344-768x552.jpeg 768w\" sizes=\"(max-width: 798px) 100vw, 798px\" \/><\/figure>\n\n\n\n<p>La capacitaci\u00f3n incluy\u00f3 exposiciones sobre el ciclo productivo -servicio, gestaci\u00f3n, parto y cr\u00eda-, el manejo de la madre antes del parto y los cuidados del cordero, adem\u00e1s de un calendario sanitario para la prevenci\u00f3n de enfermedades. Tambi\u00e9n se abordaron indicadores productivos y balance forrajero durante una recorrida por el establecimiento del productor Jacobo Kull, anfitri\u00f3n de la jornada, donde se compartieron experiencias pr\u00e1cticas. El encuentro cont\u00f3 adem\u00e1s con el acompa\u00f1amiento del ingeniero agr\u00f3nomo Germ\u00e1n Kimmich, quien aport\u00f3 herramientas t\u00e9cnicas para la planificaci\u00f3n en campo.<\/p>\n\n\n\n<figure class=\"wp-block-image\"><img decoding=\"async\" width=\"756\" height=\"483\" src=\"https:\/\/fmloslapachos.com.ar\/wp\/wp-content\/uploads\/2025\/09\/image-4.png\" alt=\"\" class=\"wp-image-1443\" style=\"aspect-ratio:16\/9;object-fit:cover\" srcset=\"https:\/\/fmloslapachos.com.ar\/wp\/wp-content\/uploads\/2025\/09\/image-4.png 756w, https:\/\/fmloslapachos.com.ar\/wp\/wp-content\/uploads\/2025\/09\/image-4-300x192.png 300w\" sizes=\"(max-width: 756px) 100vw, 756px\" \/><\/figure>\n\n\n\n<p>Finalmente, el ministro Facundo L\u00f3pez Sartori sostuvo que \u201cLa producci\u00f3n ovina tiene un enorme potencial de alta rentabilidad en Misiones. Nuestro compromiso es garantizar que cada productor pueda acceder al conocimiento y asistencia t\u00e9cnica necesaria para transformar su esfuerzo en oportunidades\u201d.<\/p>\n","protected":false},"excerpt":{"rendered":"<p>Actualmente, la provincia cuenta con 847 productores y m\u00e1s de 21.000 cabezas, cifras que reflejan el dinamismo de una cadena en expansi\u00f3n El Ministerio del Agro y la Producci\u00f3n, junto a la Facultad de Agronom\u00eda y Veterinaria de la Universidad del Salvador, llev\u00f3 adelante en Leandro N. Alem la jornada \u201cGesti\u00f3n y Producci\u00f3n Sustentable: Producci\u00f3n [&hellip;]<\/p>\n","protected":false},"author":1,"featured_media":1444,"comment_status":"open","ping_status":"open","sticky":false,"template":"","format":"standard","meta":{"footnotes":""},"categories":[3],"tags":[],"class_list":["post-1438","post","type-post","status-publish","format-standard","has-post-thumbnail","hentry","category-provincial"],"amp_enabled":true,"_links":{"self":[{"href":"https:\/\/fmloslapachos.com.ar\/index.php?rest_route=\/wp\/v2\/posts\/1438","targetHints":{"allow":["GET"]}}],"collection":[{"href":"https:\/\/fmloslapachos.com.ar\/index.php?rest_route=\/wp\/v2\/posts"}],"about":[{"href":"https:\/\/fmloslapachos.com.ar\/index.php?rest_route=\/wp\/v2\/types\/post"}],"author":[{"embeddable":true,"href":"https:\/\/fmloslapachos.com.ar\/index.php?rest_route=\/wp\/v2\/users\/1"}],"replies":[{"embeddable":true,"href":"https:\/\/fmloslapachos.com.ar\/index.php?rest_route=%2Fwp%2Fv2%2Fcomments&post=1438"}],"version-history":[{"count":1,"href":"https:\/\/fmloslapachos.com.ar\/index.php?rest_route=\/wp\/v2\/posts\/1438\/revisions"}],"predecessor-version":[{"id":1445,"href":"https:\/\/fmloslapachos.com.ar\/index.php?rest_route=\/wp\/v2\/posts\/1438\/revisions\/1445"}],"wp:featuredmedia":[{"embeddable":true,"href":"https:\/\/fmloslapachos.com.ar\/index.php?rest_route=\/wp\/v2\/media\/1444"}],"wp:attachment":[{"href":"https:\/\/fmloslapachos.com.ar\/index.php?rest_route=%2Fwp%2Fv2%2Fmedia&parent=1438"}],"wp:term":[{"taxonomy":"category","embeddable":true,"href":"https:\/\/fmloslapachos.com.ar\/index.php?rest_route=%2Fwp%2Fv2%2Fcategories&post=1438"},{"taxonomy":"post_tag","embeddable":true,"href":"https:\/\/fmloslapachos.com.ar\/index.php?rest_route=%2Fwp%2Fv2%2Ftags&post=1438"}],"curies":[{"name":"wp","href":"https:\/\/api.w.org\/{rel}","templated":true}]}}