{"id":1406,"date":"2025-08-28T14:02:52","date_gmt":"2025-08-28T14:02:52","guid":{"rendered":"https:\/\/fmloslapachos.com.ar\/?p=1406"},"modified":"2025-08-28T14:02:55","modified_gmt":"2025-08-28T14:02:55","slug":"misiones-tiene-a-sus-representantes-para-la-feria-nacional-de-ciencias-2025","status":"publish","type":"post","link":"https:\/\/fmloslapachos.com.ar\/?p=1406","title":{"rendered":"Misiones tiene a sus representantes para la Feria Nacional de Ciencias 2025"},"content":{"rendered":"\n<h3 class=\"wp-block-heading has-vivid-cyan-blue-color has-text-color has-link-color wp-elements-504ec1ba92a7ed5bac4c3fae7cfe1a1b\"><strong><em>Una Comisi\u00f3n de Evaluaci\u00f3n Provincial, integrada por autoridades y referentes educativos, se reuni\u00f3 para analizar y seleccionar los trabajos m\u00e1s destacados entre los preseleccionados en la reciente Feria Provincial STEAM Situada 2025.<\/em><\/strong><\/h3>\n\n\n\n<p>La reuni\u00f3n, celebrada en el Ministerio, cont\u00f3 con la participaci\u00f3n del Ministro Lic. Ramiro Aranda, la Subsecretaria de Educaci\u00f3n Lic. Gabriela Bastarrechea, la Coordinadora Provincial del PROPACyT Lic. M\u00f3nica Estigarribia, y los referentes de evaluaci\u00f3n del programa, Prof. Andrea Mazurek y Prof. Abel Yunis. Tambi\u00e9n asistieron referentes de equipos t\u00e9cnicos de distintos niveles y modalidades, quienes aportaron su experiencia en la deliberaci\u00f3n.<\/p>\n\n\n\n<p>El proceso de selecci\u00f3n fue riguroso, basado en la lectura, an\u00e1lisis y consenso de todas las partes. La comisi\u00f3n evalu\u00f3 cada proyecto seg\u00fan su m\u00e9rito, asegur\u00e1ndose de que cumpliera con los criterios de indagaci\u00f3n cient\u00edfica y tecnol\u00f3gica y que reflejara las pol\u00edticas educativas tanto provinciales como nacionales. El objetivo fue elegir los trabajos que mejor se enmarcan en los documentos del Programa de Feria Nacional de Educaci\u00f3n, Artes, Ciencias y Tecnolog\u00edas.<\/p>\n\n\n\n<figure class=\"wp-block-image\"><img fetchpriority=\"high\" decoding=\"async\" width=\"1024\" height=\"576\" src=\"https:\/\/fmloslapachos.com.ar\/wp\/wp-content\/uploads\/2025\/08\/image-10-1024x576.png\" alt=\"\" class=\"wp-image-1409\" srcset=\"https:\/\/fmloslapachos.com.ar\/wp\/wp-content\/uploads\/2025\/08\/image-10-1024x576.png 1024w, https:\/\/fmloslapachos.com.ar\/wp\/wp-content\/uploads\/2025\/08\/image-10-300x169.png 300w, https:\/\/fmloslapachos.com.ar\/wp\/wp-content\/uploads\/2025\/08\/image-10-768x432.png 768w, https:\/\/fmloslapachos.com.ar\/wp\/wp-content\/uploads\/2025\/08\/image-10.png 1280w\" sizes=\"(max-width: 1024px) 100vw, 1024px\" \/><\/figure>\n\n\n\n<p><a><\/a> Como resultado de esta deliberaci\u00f3n, se determin\u00f3 la lista de proyectos, por orden de m\u00e9rito, que representar\u00e1n a Misiones en las diferentes fases y modalidades de las ferias nacionales.<\/p>\n\n\n\n<p><strong>La primera fase<\/strong>, con eje Matem\u00e1tico,se realizar\u00e1 en Posadas del 1 al 3 de octubre de 2025<\/p>\n\n\n\n<p><strong>La segunda fase<\/strong>, con eje Art\u00edstico, ser\u00e1 tambi\u00e9n en Posadas, del 6 al 8 de Octubre de 2025<\/p>\n\n\n\n<p><strong>La Tercera Fase<\/strong>, con Eje Cient\u00edfico, ser\u00e1 en Cafayate, Salta, del 29 al 31 de octubre de 2025<\/p>\n\n\n\n<p><strong>La Cuarta Fase<\/strong>, con Eje Tecnol\u00f3gico, se realizar\u00e1 en  CABA, Buenos Aires, del 18 al 20 de noviembre de 2025.<\/p>\n\n\n\n<p>Es de destacar que, entre las seleccionadas se encentra el proyecto &#8220;Vaper en adplescentes, moda, desinformaci\u00f3n y riesgo para la salud&#8221;, ganadora en la fse provincial en el rubro cientfico, preteneciente a la UGL 3.115 de San Vicente<\/p>\n\n\n\n<p><\/p>\n","protected":false},"excerpt":{"rendered":"<p>Una Comisi\u00f3n de Evaluaci\u00f3n Provincial, integrada por autoridades y referentes educativos, se reuni\u00f3 para analizar y seleccionar los trabajos m\u00e1s destacados entre los preseleccionados en la reciente Feria Provincial STEAM Situada 2025. La reuni\u00f3n, celebrada en el Ministerio, cont\u00f3 con la participaci\u00f3n del Ministro Lic. Ramiro Aranda, la Subsecretaria de Educaci\u00f3n Lic. Gabriela Bastarrechea, la [&hellip;]<\/p>\n","protected":false},"author":1,"featured_media":1410,"comment_status":"open","ping_status":"open","sticky":false,"template":"","format":"standard","meta":{"footnotes":""},"categories":[3],"tags":[],"class_list":["post-1406","post","type-post","status-publish","format-standard","has-post-thumbnail","hentry","category-provincial"],"amp_enabled":true,"_links":{"self":[{"href":"https:\/\/fmloslapachos.com.ar\/index.php?rest_route=\/wp\/v2\/posts\/1406","targetHints":{"allow":["GET"]}}],"collection":[{"href":"https:\/\/fmloslapachos.com.ar\/index.php?rest_route=\/wp\/v2\/posts"}],"about":[{"href":"https:\/\/fmloslapachos.com.ar\/index.php?rest_route=\/wp\/v2\/types\/post"}],"author":[{"embeddable":true,"href":"https:\/\/fmloslapachos.com.ar\/index.php?rest_route=\/wp\/v2\/users\/1"}],"replies":[{"embeddable":true,"href":"https:\/\/fmloslapachos.com.ar\/index.php?rest_route=%2Fwp%2Fv2%2Fcomments&post=1406"}],"version-history":[{"count":1,"href":"https:\/\/fmloslapachos.com.ar\/index.php?rest_route=\/wp\/v2\/posts\/1406\/revisions"}],"predecessor-version":[{"id":1411,"href":"https:\/\/fmloslapachos.com.ar\/index.php?rest_route=\/wp\/v2\/posts\/1406\/revisions\/1411"}],"wp:featuredmedia":[{"embeddable":true,"href":"https:\/\/fmloslapachos.com.ar\/index.php?rest_route=\/wp\/v2\/media\/1410"}],"wp:attachment":[{"href":"https:\/\/fmloslapachos.com.ar\/index.php?rest_route=%2Fwp%2Fv2%2Fmedia&parent=1406"}],"wp:term":[{"taxonomy":"category","embeddable":true,"href":"https:\/\/fmloslapachos.com.ar\/index.php?rest_route=%2Fwp%2Fv2%2Fcategories&post=1406"},{"taxonomy":"post_tag","embeddable":true,"href":"https:\/\/fmloslapachos.com.ar\/index.php?rest_route=%2Fwp%2Fv2%2Ftags&post=1406"}],"curies":[{"name":"wp","href":"https:\/\/api.w.org\/{rel}","templated":true}]}}