{"id":139,"date":"2024-12-02T16:05:46","date_gmt":"2024-12-02T16:05:46","guid":{"rendered":"https:\/\/fmloslapachos.com.ar\/wp\/?p=139"},"modified":"2024-12-02T16:05:50","modified_gmt":"2024-12-02T16:05:50","slug":"que-es-el-adviento-y-de-que-manera-se-celebra","status":"publish","type":"post","link":"https:\/\/fmloslapachos.com.ar\/?p=139","title":{"rendered":"\u00bfQu\u00e9 es el Adviento y de que manera se celebra?"},"content":{"rendered":"\n<p class=\"has-vivid-cyan-blue-color has-text-color has-link-color wp-elements-d50df628c010c6a58e805d6d55376c5d\" style=\"font-size:25px\"><strong><em>El Adviento es un tiempo especial de preparaci\u00f3n con el que se da inicio a un nuevo \u201cA\u00f1o Lit\u00fargico\u201d, es decir, un nuevo a\u00f1o para la Iglesia Cat\u00f3lica. El t\u00e9rmino &#8220;Adviento&#8221; proviene del lat\u00edn \u201cadventus\u201d, que significa \u201cvenida\u201d, \u201cllegada\u201d.<\/em><\/strong><\/p>\n\n\n\n<p>El Adviento est\u00e1 organizado en torno a los cuatro domingos previos a la Navidad, que luego se integran en la gran celebraci\u00f3n del Nacimiento de Jesucristo, Nuestro Salvador, y su posterior Epifan\u00eda. Los d\u00edas de Adviento componen un camino lit\u00fargico y espiritual cuyo n\u00facleo es la espera de la llegada de Jes\u00fas, el Verbo Encarnado .<\/p>\n\n\n\n<p>Este 2024 el Tiempo de Adviento empieza el domingo 3 de diciembre y termina el domingo 24 de diciembre.<\/p>\n\n\n\n<p><strong>La liturgia<\/strong><\/p>\n\n\n\n<p>Durante el Adviento, el color que se usa en la liturgia de la Iglesia es el morado. Este color simboliza austeridad y evoca sentido de penitencia. Se usa porque ayuda a que los fieles sean conscientes de la necesidad de la conversi\u00f3n, de \u201cestar preparados\u201d, de que hay que avivar los corazones ante la inminente llegada del Se\u00f1or.<\/p>\n\n\n\n<p>Las lecturas b\u00edblicas durante el Adviento est\u00e1n tomadas sobre todo del profeta Isa\u00edas (primera lectura), pero tambi\u00e9n de otros pasajes prof\u00e9ticos del Antiguo Testamento. Todas en referencia a la llegada del Mes\u00edas.<\/p>\n\n\n\n<p>El profeta Isa\u00edas, San Juan Bautista y Mar\u00eda de Nazaret son presentados por la Iglesia como los grandes modelos para estar debidamente preparados para recibir al Salvador.<\/p>\n\n\n\n<p><strong>El Tiempo de Adviento est\u00e1 dividido en dos partes:<\/strong><\/p>\n\n\n\n<p><strong>Primera parte<\/strong><\/p>\n\n\n\n<p>Desde el domingo 3 de diciembre, Primer Domingo de Adviento, hasta el 17 de diciembre. Esta etapa tiene marcado car\u00e1cter escatol\u00f3gico, de cara a la \u201csegunda venida\u201d, es decir, la venida del Se\u00f1or al final de los tiempos.<\/p>\n\n\n\n<p><strong>Segunda parte<\/strong><\/p>\n\n\n\n<p>Desde el lunes 18 de diciembre al domingo 24 de diciembre. A estos d\u00edas se les denomina la &#8220;Semana Santa&#8221; de la Navidad. Como \u00faltimo tramo previo al Nacimiento de Jes\u00fas, la Iglesia intensifica la preparaci\u00f3n de los corazones orient\u00e1ndose a la meditaci\u00f3n del misterio de la Encarnaci\u00f3n, es decir, a la irrupci\u00f3n de la Segunda Persona de la Sant\u00edsima Trinidad en la historia: la Navidad.<\/p>\n","protected":false},"excerpt":{"rendered":"<p>El Adviento es un tiempo especial de preparaci\u00f3n con el que se da inicio a un nuevo \u201cA\u00f1o Lit\u00fargico\u201d, es decir, un nuevo a\u00f1o para la Iglesia Cat\u00f3lica. El t\u00e9rmino &#8220;Adviento&#8221; proviene del lat\u00edn \u201cadventus\u201d, que significa \u201cvenida\u201d, \u201cllegada\u201d. El Adviento est\u00e1 organizado en torno a los cuatro domingos previos a la Navidad, que luego [&hellip;]<\/p>\n","protected":false},"author":1,"featured_media":140,"comment_status":"open","ping_status":"open","sticky":false,"template":"","format":"standard","meta":{"footnotes":""},"categories":[4],"tags":[],"class_list":["post-139","post","type-post","status-publish","format-standard","has-post-thumbnail","hentry","category-san-vicente"],"amp_enabled":true,"_links":{"self":[{"href":"https:\/\/fmloslapachos.com.ar\/index.php?rest_route=\/wp\/v2\/posts\/139","targetHints":{"allow":["GET"]}}],"collection":[{"href":"https:\/\/fmloslapachos.com.ar\/index.php?rest_route=\/wp\/v2\/posts"}],"about":[{"href":"https:\/\/fmloslapachos.com.ar\/index.php?rest_route=\/wp\/v2\/types\/post"}],"author":[{"embeddable":true,"href":"https:\/\/fmloslapachos.com.ar\/index.php?rest_route=\/wp\/v2\/users\/1"}],"replies":[{"embeddable":true,"href":"https:\/\/fmloslapachos.com.ar\/index.php?rest_route=%2Fwp%2Fv2%2Fcomments&post=139"}],"version-history":[{"count":1,"href":"https:\/\/fmloslapachos.com.ar\/index.php?rest_route=\/wp\/v2\/posts\/139\/revisions"}],"predecessor-version":[{"id":141,"href":"https:\/\/fmloslapachos.com.ar\/index.php?rest_route=\/wp\/v2\/posts\/139\/revisions\/141"}],"wp:featuredmedia":[{"embeddable":true,"href":"https:\/\/fmloslapachos.com.ar\/index.php?rest_route=\/wp\/v2\/media\/140"}],"wp:attachment":[{"href":"https:\/\/fmloslapachos.com.ar\/index.php?rest_route=%2Fwp%2Fv2%2Fmedia&parent=139"}],"wp:term":[{"taxonomy":"category","embeddable":true,"href":"https:\/\/fmloslapachos.com.ar\/index.php?rest_route=%2Fwp%2Fv2%2Fcategories&post=139"},{"taxonomy":"post_tag","embeddable":true,"href":"https:\/\/fmloslapachos.com.ar\/index.php?rest_route=%2Fwp%2Fv2%2Ftags&post=139"}],"curies":[{"name":"wp","href":"https:\/\/api.w.org\/{rel}","templated":true}]}}