{"id":133,"date":"2024-12-02T15:46:00","date_gmt":"2024-12-02T15:46:00","guid":{"rendered":"https:\/\/fmloslapachos.com.ar\/wp\/?p=133"},"modified":"2024-12-02T15:46:03","modified_gmt":"2024-12-02T15:46:03","slug":"volco-un-camion-en-el-acceso-sur-de-posadas-afortunadamente-no-hubo-heridos","status":"publish","type":"post","link":"https:\/\/fmloslapachos.com.ar\/?p=133","title":{"rendered":"Volc\u00f3 un cami\u00f3n en el acceso sur de Posadas, afortunadamente no hubo heridos"},"content":{"rendered":"\n<p class=\"has-vivid-cyan-blue-color has-text-color has-link-color wp-elements-594bc5a766cdf51048c44fc4965c3619\" style=\"font-size:25px\"><em><strong>El veh\u00edculo era conducido por Elio Z., de 37 a\u00f1os, oriundo de Maip\u00fa, Mendoza, quien inform\u00f3 que perdi\u00f3 el control del rodado, provocando el vuelco sobre un pastizal en la zona.<\/strong><\/em><\/p>\n\n\n\n<p>Un siniestro vial sin lesionados se registr\u00f3 esta ma\u00f1ana cerca de las 08:40, en la rotonda del By Pass, acceso sur de Posadas. El incidente involucr\u00f3 a un cami\u00f3n marca Mercedes Benz, modelo Atron, perteneciente a la empresa TRIBAL S.R.L.<\/p>\n\n\n\n<p>Ante el hecho, intervinieron personal de emergencias m\u00e9dicas, bomberos, seguridad vial y Criminal\u00edstica para garantizar la seguridad del \u00e1rea y realizar los peritajes correspondientes.<\/p>\n\n\n\n<p>No se reportaron lesionados, pero el vuelco gener\u00f3 complicaciones en el tr\u00e1nsito hasta que el veh\u00edculo pudo ser retirado.<\/p>\n\n\n\n<p><\/p>\n","protected":false},"excerpt":{"rendered":"<p>El veh\u00edculo era conducido por Elio Z., de 37 a\u00f1os, oriundo de Maip\u00fa, Mendoza, quien inform\u00f3 que perdi\u00f3 el control del rodado, provocando el vuelco sobre un pastizal en la zona. Un siniestro vial sin lesionados se registr\u00f3 esta ma\u00f1ana cerca de las 08:40, en la rotonda del By Pass, acceso sur de Posadas. El [&hellip;]<\/p>\n","protected":false},"author":1,"featured_media":134,"comment_status":"open","ping_status":"open","sticky":false,"template":"","format":"standard","meta":{"footnotes":""},"categories":[8],"tags":[],"class_list":["post-133","post","type-post","status-publish","format-standard","has-post-thumbnail","hentry","category-policiales"],"amp_enabled":true,"_links":{"self":[{"href":"https:\/\/fmloslapachos.com.ar\/index.php?rest_route=\/wp\/v2\/posts\/133","targetHints":{"allow":["GET"]}}],"collection":[{"href":"https:\/\/fmloslapachos.com.ar\/index.php?rest_route=\/wp\/v2\/posts"}],"about":[{"href":"https:\/\/fmloslapachos.com.ar\/index.php?rest_route=\/wp\/v2\/types\/post"}],"author":[{"embeddable":true,"href":"https:\/\/fmloslapachos.com.ar\/index.php?rest_route=\/wp\/v2\/users\/1"}],"replies":[{"embeddable":true,"href":"https:\/\/fmloslapachos.com.ar\/index.php?rest_route=%2Fwp%2Fv2%2Fcomments&post=133"}],"version-history":[{"count":1,"href":"https:\/\/fmloslapachos.com.ar\/index.php?rest_route=\/wp\/v2\/posts\/133\/revisions"}],"predecessor-version":[{"id":135,"href":"https:\/\/fmloslapachos.com.ar\/index.php?rest_route=\/wp\/v2\/posts\/133\/revisions\/135"}],"wp:featuredmedia":[{"embeddable":true,"href":"https:\/\/fmloslapachos.com.ar\/index.php?rest_route=\/wp\/v2\/media\/134"}],"wp:attachment":[{"href":"https:\/\/fmloslapachos.com.ar\/index.php?rest_route=%2Fwp%2Fv2%2Fmedia&parent=133"}],"wp:term":[{"taxonomy":"category","embeddable":true,"href":"https:\/\/fmloslapachos.com.ar\/index.php?rest_route=%2Fwp%2Fv2%2Fcategories&post=133"},{"taxonomy":"post_tag","embeddable":true,"href":"https:\/\/fmloslapachos.com.ar\/index.php?rest_route=%2Fwp%2Fv2%2Ftags&post=133"}],"curies":[{"name":"wp","href":"https:\/\/api.w.org\/{rel}","templated":true}]}}