{"id":1204,"date":"2025-06-12T01:25:11","date_gmt":"2025-06-12T01:25:11","guid":{"rendered":"https:\/\/fmloslapachos.com.ar\/?p=1204"},"modified":"2025-06-12T01:25:20","modified_gmt":"2025-06-12T01:25:20","slug":"desactivan-trampas-de-caza-en-el-parque-provincial-salto-encantado","status":"publish","type":"post","link":"https:\/\/fmloslapachos.com.ar\/?p=1204","title":{"rendered":"Desactivan trampas de caza en el Parque Provincial Salto Encantado"},"content":{"rendered":"\n<p class=\"has-vivid-cyan-blue-color has-text-color has-link-color wp-elements-69230b7399dd7899e6b702248b25faa3\" style=\"font-size:25px\"><strong><em>Durante los d\u00edas domingo 8 y lunes 9 se llev\u00f3 a cabo una recorrida en la zona sur del parque, m\u00e1s precisamente en cercan\u00eda a la Ruta Provincial 220<\/em><\/strong><\/p>\n\n\n\n<p>Con el objetivo de evitar las actividades furtivas, guardaparques del Grupo de Operaciones en la Selva (GOS) realizaron un operativo de control en el Parque Provincial Salto Encantado para detectar posibles delitos ambientales.<\/p>\n\n\n\n<figure class=\"wp-block-image\"><img fetchpriority=\"high\" decoding=\"async\" width=\"720\" height=\"405\" src=\"https:\/\/fmloslapachos.com.ar\/wp\/wp-content\/uploads\/2025\/06\/image-3.png\" alt=\"\" class=\"wp-image-1206\" style=\"aspect-ratio:16\/9;object-fit:cover\" srcset=\"https:\/\/fmloslapachos.com.ar\/wp\/wp-content\/uploads\/2025\/06\/image-3.png 720w, https:\/\/fmloslapachos.com.ar\/wp\/wp-content\/uploads\/2025\/06\/image-3-300x169.png 300w\" sizes=\"(max-width: 720px) 100vw, 720px\" \/><\/figure>\n\n\n\n<p>En el recorrido el personal detect\u00f3 un salero, una ceba de ma\u00edz activa y dos sobrados que fueron destruidos. Adem\u00e1s se encontr\u00f3 restos de un pecar\u00ed faenado en cercan\u00eda del lugar. Tras la intervenci\u00f3n los guardaparques tomaron registro del punto para controles futuros.<\/p>\n","protected":false},"excerpt":{"rendered":"<p>Durante los d\u00edas domingo 8 y lunes 9 se llev\u00f3 a cabo una recorrida en la zona sur del parque, m\u00e1s precisamente en cercan\u00eda a la Ruta Provincial 220 Con el objetivo de evitar las actividades furtivas, guardaparques del Grupo de Operaciones en la Selva (GOS) realizaron un operativo de control en el Parque Provincial [&hellip;]<\/p>\n","protected":false},"author":1,"featured_media":1207,"comment_status":"open","ping_status":"open","sticky":false,"template":"","format":"standard","meta":{"footnotes":""},"categories":[8,3],"tags":[],"class_list":["post-1204","post","type-post","status-publish","format-standard","has-post-thumbnail","hentry","category-policiales","category-provincial"],"amp_enabled":true,"_links":{"self":[{"href":"https:\/\/fmloslapachos.com.ar\/index.php?rest_route=\/wp\/v2\/posts\/1204","targetHints":{"allow":["GET"]}}],"collection":[{"href":"https:\/\/fmloslapachos.com.ar\/index.php?rest_route=\/wp\/v2\/posts"}],"about":[{"href":"https:\/\/fmloslapachos.com.ar\/index.php?rest_route=\/wp\/v2\/types\/post"}],"author":[{"embeddable":true,"href":"https:\/\/fmloslapachos.com.ar\/index.php?rest_route=\/wp\/v2\/users\/1"}],"replies":[{"embeddable":true,"href":"https:\/\/fmloslapachos.com.ar\/index.php?rest_route=%2Fwp%2Fv2%2Fcomments&post=1204"}],"version-history":[{"count":1,"href":"https:\/\/fmloslapachos.com.ar\/index.php?rest_route=\/wp\/v2\/posts\/1204\/revisions"}],"predecessor-version":[{"id":1208,"href":"https:\/\/fmloslapachos.com.ar\/index.php?rest_route=\/wp\/v2\/posts\/1204\/revisions\/1208"}],"wp:featuredmedia":[{"embeddable":true,"href":"https:\/\/fmloslapachos.com.ar\/index.php?rest_route=\/wp\/v2\/media\/1207"}],"wp:attachment":[{"href":"https:\/\/fmloslapachos.com.ar\/index.php?rest_route=%2Fwp%2Fv2%2Fmedia&parent=1204"}],"wp:term":[{"taxonomy":"category","embeddable":true,"href":"https:\/\/fmloslapachos.com.ar\/index.php?rest_route=%2Fwp%2Fv2%2Fcategories&post=1204"},{"taxonomy":"post_tag","embeddable":true,"href":"https:\/\/fmloslapachos.com.ar\/index.php?rest_route=%2Fwp%2Fv2%2Ftags&post=1204"}],"curies":[{"name":"wp","href":"https:\/\/api.w.org\/{rel}","templated":true}]}}